{"id":23621,"date":"2021-06-22T10:46:27","date_gmt":"2021-06-22T13:46:27","guid":{"rendered":"https:\/\/pinews.com.br\/?p=23621"},"modified":"2021-06-22T10:46:27","modified_gmt":"2021-06-22T13:46:27","slug":"chega-ao-brasil-lote-de-15-milhao-de-doses-da-janssen-contra-a-covid-pi-deve-receber-44-mil","status":"publish","type":"post","link":"https:\/\/pinews.com.br\/index.php\/2021\/06\/22\/chega-ao-brasil-lote-de-15-milhao-de-doses-da-janssen-contra-a-covid-pi-deve-receber-44-mil\/","title":{"rendered":"Chega ao Brasil lote de 1,5 milh\u00e3o de doses da Janssen contra a Covid; PI deve receber 44 mil"},"content":{"rendered":"\n<p>O Brasil recebeu nesta ter\u00e7a-feira (22) 1,5 milh\u00e3o de doses da vacina da Janssen contra a Covid. A chegada ao aeroporto de Guarulhos contou com a presen\u00e7a do ministro da Sa\u00fade, Marcelo Queiroga.<\/p>\n\n\n\n<p>No dia 14 de junho, a  Secretaria Estadual de Sa\u00fade (Sesapi) confirmou que o Piau\u00ed vai receber 44 mil doses da vacina da Janssen (bra\u00e7o farmac\u00eautico da Johnson &amp; Johnson), que faz a imuniza\u00e7\u00e3o em uma \u00fanica dose. O envio das vacinas aos estados deve ocorrer o mais breve poss\u00edvel. <br><br>A chegada estava prevista para a \u00faltima ter\u00e7a (14), mas o envio foi suspenso. Al\u00e9m disso, a pasta havia divulgado que o pa\u00eds receberia 3 milh\u00f5es de doses. A expectativa, agora, \u00e9 que a entrega seja em etapas.<br><br>Em mar\u00e7o, o Minist\u00e9rio da Sa\u00fade fechou um contrato para obter 38 milh\u00f5es de doses de vacinas da Janssen, que precisa de apenas uma dose. A previs\u00e3o inicial de entrega era de 16,9 milh\u00f5es de doses entre julho e setembro e 21,1 milh\u00f5es de outubro a dezembro.<br><br>A possibilidade de antecipar parte do envio foi anunciada nas \u00faltimas semanas. O volume, por\u00e9m, tinha data de vencimento em 27 de junho, o que gerou preocupa\u00e7\u00e3o entre secret\u00e1rios de sa\u00fade.<br>Ap\u00f3s an\u00e1lise, a FDA, ag\u00eancia que regula medicamentos nos Estados Unidos, ampliou o prazo para at\u00e9 8 de agosto.<br><br>Pedido semelhante para ampliar a validade foi feito pela empresa \u00e0 Anvisa (Ag\u00eancia Nacional de Vigil\u00e2ncia Sanit\u00e1ria), que aprovou o pedido. Com isso, a nova data tamb\u00e9m passa a valer ao Brasil.<br><br>At\u00e9 ent\u00e3o, o prazo de validade da vacina, quando armazenada na temperatura de 2\u00baC a 8\u00ba C, era de tr\u00eas meses. Agora, passa a ser de 4,5 meses. A Anvisa diz que a aprova\u00e7\u00e3o foi baseada em avalia\u00e7\u00e3o de estudos que demonstraram que a vacina tende a se manter est\u00e1vel pelo per\u00edodo. Aponta ainda ter considerado a decis\u00e3o recente da ag\u00eancia norte-americana.<\/p>\n\n\n\n<p><strong>Fonte: Folhapress <\/strong><\/p>\n","protected":false},"excerpt":{"rendered":"<p>O Brasil recebeu nesta ter\u00e7a-feira (22) 1,5 milh\u00e3o de doses da vacina da Janssen contra a Covid. A chegada ao aeroporto de Guarulhos contou com a presen\u00e7a do ministro da Sa\u00fade, Marcelo Queiroga. No dia 14 de junho, a Secretaria Estadual de Sa\u00fade (Sesapi) confirmou que o Piau\u00ed vai receber 44 mil doses da vacina [&hellip;]<\/p>\n","protected":false},"author":1,"featured_media":23622,"comment_status":"open","ping_status":"open","sticky":false,"template":"","format":"standard","meta":{"beyondwords_generate_audio":"","beyondwords_project_id":"","beyondwords_podcast_id":"","beyondwords_hash":"","beyondwords_error_message":"","beyondwords_disabled":"","publish_post_to_speechkit":"","speechkit_generate_audio":"","speechkit_project_id":"","speechkit_podcast_id":"","speechkit_hash":"","speechkit_error_message":"","speechkit_disabled":"","speechkit_access_key":"","speechkit_error":"","speechkit_info":"","speechkit_response":"","speechkit_retries":"","_speechkit_link":"","_speechkit_text":""},"categories":[134,51,1288],"tags":[180,8320,132,1093,1781,294,2406,122,44,514,6230,8521,7334,109,77,667,779],"jetpack_featured_media_url":"","_links":{"self":[{"href":"https:\/\/pinews.com.br\/index.php\/wp-json\/wp\/v2\/posts\/23621"}],"collection":[{"href":"https:\/\/pinews.com.br\/index.php\/wp-json\/wp\/v2\/posts"}],"about":[{"href":"https:\/\/pinews.com.br\/index.php\/wp-json\/wp\/v2\/types\/post"}],"author":[{"embeddable":true,"href":"https:\/\/pinews.com.br\/index.php\/wp-json\/wp\/v2\/users\/1"}],"replies":[{"embeddable":true,"href":"https:\/\/pinews.com.br\/index.php\/wp-json\/wp\/v2\/comments?post=23621"}],"version-history":[{"count":0,"href":"https:\/\/pinews.com.br\/index.php\/wp-json\/wp\/v2\/posts\/23621\/revisions"}],"wp:featuredmedia":[{"embeddable":true,"href":"https:\/\/pinews.com.br\/index.php\/wp-json\/"}],"wp:attachment":[{"href":"https:\/\/pinews.com.br\/index.php\/wp-json\/wp\/v2\/media?parent=23621"}],"wp:term":[{"taxonomy":"category","embeddable":true,"href":"https:\/\/pinews.com.br\/index.php\/wp-json\/wp\/v2\/categories?post=23621"},{"taxonomy":"post_tag","embeddable":true,"href":"https:\/\/pinews.com.br\/index.php\/wp-json\/wp\/v2\/tags?post=23621"}],"curies":[{"name":"wp","href":"https:\/\/api.w.org\/{rel}","templated":true}]}}