{"id":23667,"date":"2021-06-23T19:30:39","date_gmt":"2021-06-23T22:30:39","guid":{"rendered":"https:\/\/pinews.com.br\/?p=23667"},"modified":"2021-06-23T19:30:39","modified_gmt":"2021-06-23T22:30:39","slug":"governo-federal-reconhece-emergencia-em-34-cidades-do-piaui-por-causa-da-seca","status":"publish","type":"post","link":"https:\/\/pinews.com.br\/index.php\/2021\/06\/23\/governo-federal-reconhece-emergencia-em-34-cidades-do-piaui-por-causa-da-seca\/","title":{"rendered":"Governo Federal reconhece emerg\u00eancia em 34 cidades do Piau\u00ed por causa da seca"},"content":{"rendered":"\n<p>A Defesa Civil Nacional reconheceu a situa\u00e7\u00e3o de emerg\u00eancia em 34 cidades do Piau\u00ed por causa da seca. A portaria do Minist\u00e9rio do Desenvolvimento Regional (MDR) foi publicada no Di\u00e1rio Oficial da Uni\u00e3o desta quarta-feira (23).<\/p>\n\n\n\n<p>Est\u00e3o em situa\u00e7\u00e3o de emerg\u00eancia: Acau\u00e3, Alagoinha, Alegrete do Piau\u00ed, Avelino Lopes, Bel\u00e9m do Piau\u00ed, Bonfim do Piau\u00ed, Caldeir\u00e3o Grande, Campinas, Capit\u00e3o Gerv\u00e1sio Oliveira, Caracol, Curimat\u00e1, Fartura do Piau\u00ed, Floresta do Piau\u00ed, Francisco Santos, Fronteiras, Guaribas, Itain\u00f3polis, J\u00falio Borges, Jurema do Piau\u00ed, Lagoa do Barro, Marcol\u00e2ndia, Massap\u00ea do Piau\u00ed, Monsenhor Hip\u00f3lito, Morro Cabe\u00e7a no Tempo, Padre Marcos, Pio IX, Queimada Nova, Santa Cruz do Piau\u00ed, Santo In\u00e1cio, S\u00e3o Braz do Piau\u00ed, S\u00e3o Juli\u00e3o, S\u00e3o Louren\u00e7o, V\u00e1rzea Branca e Wall Ferraz.<\/p>\n\n\n\n<p>Agora, j\u00e1 s\u00e3o 51 as cidades piauienses com reconhecimento federal. A portaria, assinada pelo secret\u00e1rio nacional de prote\u00e7\u00e3o e Defesa Civil, Alexandre Lucas Alves, considerou o Decreto n\u00ba 19.692, de 26 de maio de 2021, do Governo do Piau\u00ed.<\/p>\n\n\n\n<p>Ap\u00f3s a publica\u00e7\u00e3o do reconhecimento federal por meio de Portaria no DOU, o estado ou o munic\u00edpio pode solicitar recursos para atendimento \u00e0 popula\u00e7\u00e3o atingida, restabelecimento de servi\u00e7os essenciais e reconstru\u00e7\u00e3o de equipamentos de infraestrutura danificados pelo desastre.<\/p>\n\n\n\n<p>Com base nas informa\u00e7\u00f5es enviadas por meio do Sistema Integrado de Informa\u00e7\u00f5es sobre Desastres (S2iD), a equipe t\u00e9cnica da Defesa Civil Nacional avalia as metas e os valores solicitados. Com a aprova\u00e7\u00e3o, \u00e9 publicada portaria no DOU com a especifica\u00e7\u00e3o do valor a ser liberado.<\/p>\n\n\n\n<p><strong>Fonte: H\u00e9rlon Moraes\/ Cidade Verde\/ Com informa\u00e7\u00f5es do MDR<\/strong><\/p>\n","protected":false},"excerpt":{"rendered":"<p>A Defesa Civil Nacional reconheceu a situa\u00e7\u00e3o de emerg\u00eancia em 34 cidades do Piau\u00ed por causa da seca. A portaria do Minist\u00e9rio do Desenvolvimento Regional (MDR) foi publicada no Di\u00e1rio Oficial da Uni\u00e3o desta quarta-feira (23). Est\u00e3o em situa\u00e7\u00e3o de emerg\u00eancia: Acau\u00e3, Alagoinha, Alegrete do Piau\u00ed, Avelino Lopes, Bel\u00e9m do Piau\u00ed, Bonfim do Piau\u00ed, Caldeir\u00e3o [&hellip;]<\/p>\n","protected":false},"author":1,"featured_media":23668,"comment_status":"open","ping_status":"open","sticky":false,"template":"","format":"standard","meta":{"beyondwords_generate_audio":"","beyondwords_project_id":"","beyondwords_podcast_id":"","beyondwords_hash":"","beyondwords_error_message":"","beyondwords_disabled":"","publish_post_to_speechkit":"","speechkit_generate_audio":"","speechkit_project_id":"","speechkit_podcast_id":"","speechkit_hash":"","speechkit_error_message":"","speechkit_disabled":"","speechkit_access_key":"","speechkit_error":"","speechkit_info":"","speechkit_response":"","speechkit_retries":"","_speechkit_link":"","_speechkit_text":""},"categories":[124,51],"tags":[5502,172,809,122,46,5611,5461,458,52,59,8576,1690],"jetpack_featured_media_url":"","_links":{"self":[{"href":"https:\/\/pinews.com.br\/index.php\/wp-json\/wp\/v2\/posts\/23667"}],"collection":[{"href":"https:\/\/pinews.com.br\/index.php\/wp-json\/wp\/v2\/posts"}],"about":[{"href":"https:\/\/pinews.com.br\/index.php\/wp-json\/wp\/v2\/types\/post"}],"author":[{"embeddable":true,"href":"https:\/\/pinews.com.br\/index.php\/wp-json\/wp\/v2\/users\/1"}],"replies":[{"embeddable":true,"href":"https:\/\/pinews.com.br\/index.php\/wp-json\/wp\/v2\/comments?post=23667"}],"version-history":[{"count":0,"href":"https:\/\/pinews.com.br\/index.php\/wp-json\/wp\/v2\/posts\/23667\/revisions"}],"wp:featuredmedia":[{"embeddable":true,"href":"https:\/\/pinews.com.br\/index.php\/wp-json\/"}],"wp:attachment":[{"href":"https:\/\/pinews.com.br\/index.php\/wp-json\/wp\/v2\/media?parent=23667"}],"wp:term":[{"taxonomy":"category","embeddable":true,"href":"https:\/\/pinews.com.br\/index.php\/wp-json\/wp\/v2\/categories?post=23667"},{"taxonomy":"post_tag","embeddable":true,"href":"https:\/\/pinews.com.br\/index.php\/wp-json\/wp\/v2\/tags?post=23667"}],"curies":[{"name":"wp","href":"https:\/\/api.w.org\/{rel}","templated":true}]}}