{"id":23702,"date":"2021-06-24T19:32:45","date_gmt":"2021-06-24T22:32:45","guid":{"rendered":"https:\/\/pinews.com.br\/?p=23702"},"modified":"2021-06-24T19:32:45","modified_gmt":"2021-06-24T22:32:45","slug":"inss-inicia-pagamento-de-segunda-parcela-do-13o-salario-a-aposentados","status":"publish","type":"post","link":"https:\/\/pinews.com.br\/index.php\/2021\/06\/24\/inss-inicia-pagamento-de-segunda-parcela-do-13o-salario-a-aposentados\/","title":{"rendered":"INSS inicia pagamento de segunda parcela do 13\u00ba sal\u00e1rio a aposentados"},"content":{"rendered":"\n<p>O Instituto Nacional do Seguro Social (INSS) iniciou hoje (24) o pagamento da segunda parcela do 13\u00ba sal\u00e1rio de aposentados e pensionistas. At\u00e9 7 de julho, o instituto conclui o pagamento para cerca de 31 milh\u00f5es de segurados. A data do dep\u00f3sito \u00e9 de acordo com o n\u00famero final do benef\u00edcio (come\u00e7a pelo 1), sem levar em conta o d\u00edgito verificador.<img decoding=\"async\" src=\"https:\/\/agenciabrasil.ebc.com.br\/ebc.png?id=1413556&amp;o=node\"><img decoding=\"async\" src=\"https:\/\/agenciabrasil.ebc.com.br\/ebc.gif?id=1413556&amp;o=node\"><\/p>\n\n\n\n<p>O pagamento \u00e9 feito em duas parcelas. A primeira, correspondente a 50% do benef\u00edcio devido no m\u00eas de maio de 2021, foi paga com os benef\u00edcios dessa compet\u00eancia \u2013 de 25 de maio a 8 de junho. A segunda parcela est\u00e1 sendo paga junto com os benef\u00edcios da compet\u00eancia do m\u00eas de junho de 2021 \u2013 de 24 de junho a 7 de julho. Normalmente, o pagamento ocorre nas compet\u00eancias de agosto e novembro.<\/p>\n\n\n\n<p>Quem passou a receber o benef\u00edcio depois de janeiro, ter\u00e1 o valor ser\u00e1 calculado proporcionalmente.<\/p>\n\n\n\n<h2>Calend\u00e1rio<\/h2>\n\n\n\n<figure class=\"wp-block-image\"><img decoding=\"async\" src=\"https:\/\/imagens.ebc.com.br\/3vBwgvgaTp4vbpXJCWFXGTByqjg=\/463x0\/smart\/https:\/\/agenciabrasil.ebc.com.br\/sites\/default\/files\/thumbnails\/image\/calendario_inss_1.jpg?itok=R-Xk8BYh\" alt=\"Calend\u00e1rio de pagamento do 13\u00ba sal\u00e1rio para benefici\u00e1rios que recebem at\u00e9 um sal\u00e1rio m\u00ednimo\" title=\"Ag\u00eancia Brasil\"\/><figcaption>Fonte: INSS<\/figcaption><\/figure>\n\n\n\n<figure class=\"wp-block-image\"><img decoding=\"async\" src=\"https:\/\/imagens.ebc.com.br\/yPlIkTTFpC8kFJEYKNeyl1VaMhQ=\/463x0\/smart\/https:\/\/agenciabrasil.ebc.com.br\/sites\/default\/files\/thumbnails\/image\/calendario_inss_2.jpg?itok=JXSHTngI\" alt=\"Calend\u00e1rio de pagamento do 13\u00ba sal\u00e1rio para benefici\u00e1rios que recebem mais de um sal\u00e1rio m\u00ednimo\" title=\"Ag\u00eancia Brasil\"\/><figcaption>Fonte: INSS<\/figcaption><\/figure>\n\n\n\n<h2>Imposto de Renda<\/h2>\n\n\n\n<p>A segunda parcela do 13\u00ba sal\u00e1rio pode ter um valor diferente da primeira devido ao desconto do Imposto de Renda (IR). Essa tributa\u00e7\u00e3o varia conforme a idade: para aposentados a partir de 65 anos, h\u00e1 isen\u00e7\u00e3o extra do Imposto de Renda e s\u00f3 \u00e9 cobrado se o benef\u00edcio superar R$ 3.807,96. J\u00e1 o segurado com idade at\u00e9 64 anos paga IR caso receba acima de R$ 1.903,98.<\/p>\n\n\n\n<h2>Quem tem direito<\/h2>\n\n\n\n<p>Tem direito ao 13\u00ba sal\u00e1rio quem, durante o ano, recebeu benef\u00edcio previdenci\u00e1rio de aposentadoria, pens\u00e3o por morte, aux\u00edlio-doen\u00e7a, aux\u00edlio-acidente ou aux\u00edlio-reclus\u00e3o. N\u00e3o t\u00eam direito ao abono anual os que recebem benef\u00edcios assistenciais, como Benef\u00edcio de Presta\u00e7\u00e3o Continuada da Lei Org\u00e2nica da Assist\u00eancia Social (BPC\/Loas) e Renda Mensal Vital\u00edcia (RMV).<\/p>\n\n\n\n<h2>Impacto econ\u00f4mico<\/h2>\n\n\n\n<p>A expectativa da Secretaria da Previd\u00eancia do Minist\u00e9rio da Economia \u00e9 injetar cerca de R$ 52,7 bilh\u00f5es na economia, com o pagamento do 13\u00ba sal\u00e1rio. De acordo com o minist\u00e9rio, a medida n\u00e3o tem impacto or\u00e7ament\u00e1rio, j\u00e1 que haver\u00e1 somente a antecipa\u00e7\u00e3o do pagamento do benef\u00edcio, sem acr\u00e9scimo na despesa prevista para o ano.<\/p>\n\n\n\n<p><strong>Fonte: Ag\u00eancia Brasil<\/strong><\/p>\n","protected":false},"excerpt":{"rendered":"<p>O Instituto Nacional do Seguro Social (INSS) iniciou hoje (24) o pagamento da segunda parcela do 13\u00ba sal\u00e1rio de aposentados e pensionistas. At\u00e9 7 de julho, o instituto conclui o pagamento para cerca de 31 milh\u00f5es de segurados. A data do dep\u00f3sito \u00e9 de acordo com o n\u00famero final do benef\u00edcio (come\u00e7a pelo 1), sem [&hellip;]<\/p>\n","protected":false},"author":1,"featured_media":15104,"comment_status":"open","ping_status":"open","sticky":false,"template":"","format":"standard","meta":{"beyondwords_generate_audio":"","beyondwords_project_id":"","beyondwords_podcast_id":"","beyondwords_hash":"","beyondwords_error_message":"","beyondwords_disabled":"","publish_post_to_speechkit":"","speechkit_generate_audio":"","speechkit_project_id":"","speechkit_podcast_id":"","speechkit_hash":"","speechkit_error_message":"","speechkit_disabled":"","speechkit_access_key":"","speechkit_error":"","speechkit_info":"","speechkit_response":"","speechkit_retries":"","_speechkit_link":"","_speechkit_text":""},"categories":[516,134],"tags":[6791,5764,44,5790,1138,1959,2698,520,5589],"jetpack_featured_media_url":"","_links":{"self":[{"href":"https:\/\/pinews.com.br\/index.php\/wp-json\/wp\/v2\/posts\/23702"}],"collection":[{"href":"https:\/\/pinews.com.br\/index.php\/wp-json\/wp\/v2\/posts"}],"about":[{"href":"https:\/\/pinews.com.br\/index.php\/wp-json\/wp\/v2\/types\/post"}],"author":[{"embeddable":true,"href":"https:\/\/pinews.com.br\/index.php\/wp-json\/wp\/v2\/users\/1"}],"replies":[{"embeddable":true,"href":"https:\/\/pinews.com.br\/index.php\/wp-json\/wp\/v2\/comments?post=23702"}],"version-history":[{"count":0,"href":"https:\/\/pinews.com.br\/index.php\/wp-json\/wp\/v2\/posts\/23702\/revisions"}],"wp:featuredmedia":[{"embeddable":true,"href":"https:\/\/pinews.com.br\/index.php\/wp-json\/"}],"wp:attachment":[{"href":"https:\/\/pinews.com.br\/index.php\/wp-json\/wp\/v2\/media?parent=23702"}],"wp:term":[{"taxonomy":"category","embeddable":true,"href":"https:\/\/pinews.com.br\/index.php\/wp-json\/wp\/v2\/categories?post=23702"},{"taxonomy":"post_tag","embeddable":true,"href":"https:\/\/pinews.com.br\/index.php\/wp-json\/wp\/v2\/tags?post=23702"}],"curies":[{"name":"wp","href":"https:\/\/api.w.org\/{rel}","templated":true}]}}