{"id":23796,"date":"2021-06-27T11:38:34","date_gmt":"2021-06-27T14:38:34","guid":{"rendered":"https:\/\/pinews.com.br\/?p=23796"},"modified":"2021-06-27T11:38:34","modified_gmt":"2021-06-27T14:38:34","slug":"saiba-quais-vacinas-devem-estar-em-dia-na-caderneta-de-imunizacao-de-adultos-e-idosos","status":"publish","type":"post","link":"https:\/\/pinews.com.br\/index.php\/2021\/06\/27\/saiba-quais-vacinas-devem-estar-em-dia-na-caderneta-de-imunizacao-de-adultos-e-idosos\/","title":{"rendered":"Saiba quais vacinas devem estar em dia na caderneta de imuniza\u00e7\u00e3o de adultos e idosos"},"content":{"rendered":"\n<p><br>Muitas doen\u00e7as foram erradicadas ou deixaram de ser um problema de sa\u00fade p\u00fablica por causa da vacina\u00e7\u00e3o em massa da popula\u00e7\u00e3o. Mesmo com maior n\u00famero de vacinas durante a inf\u00e2ncia, o calend\u00e1rio vacinal deve estar em dia tamb\u00e9m na fase adulta para evitar o desenvolvimento de doen\u00e7as mais comuns, como gripes, ou at\u00e9 mais graves, como c\u00e2nceres.<br><br>A vacina contra o influenza, v\u00edrus que causa a gripe, deve ser tomada uma vez por ano na vida adulta. Geralmente entre abril e julho, a vacina \u00e9 oferecida gratuitamente na rede p\u00fablica para adultos do grupo de risco, professores, profissionais da sa\u00fade e idosos.<br><br>Outra vacina do calend\u00e1rio que n\u00e3o pode ser esquecida \u00e9 a chamada dupla adulto (dT), que protege contra difteria e t\u00e9tano e conta com um refor\u00e7o a cada dez anos. A orienta\u00e7\u00e3o \u00e9 que a primeira dose seja tomada na adolesc\u00eancia, a partir de 15 anos de idade, e as doses de refor\u00e7o aconte\u00e7am de d\u00e9cada em d\u00e9cada.<br><br>&#8220;Hoje, nas cl\u00ednicas privadas, h\u00e1 a recomenda\u00e7\u00e3o de fazer um desses refor\u00e7os com a vacina que \u00e9 contra difteria, t\u00e9tano e coqueluche tamb\u00e9m [tr\u00edplice bacteriana]&#8221;, explica Max Igor Banks Ferreira Lopes, infectologista do Hospital Santa Catarina.<br><br>O m\u00e9dico tamb\u00e9m refor\u00e7a a import\u00e2ncia de que o adulto reponha lacunas de vacina\u00e7\u00e3o da inf\u00e2ncia. Para a vacina da tr\u00edplice viral -contra sarampo, caxumba e rub\u00e9ola- s\u00e3o necess\u00e1rias duas doses, que s\u00e3o garantidas pelo Sistema \u00danico de Sa\u00fade (SUS) at\u00e9 os 29 anos. Entre 30 e 29 anos, segundo a SBIm (Sociedade Brasileira de Imuniza\u00e7\u00f5es), uma dose \u00e9 oferecida gratuitamente na rede p\u00fablica.<br><br>A vacina\u00e7\u00e3o contra a febre amarela deve ser realizada, caso n\u00e3o tenha sido, em uma dose \u00fanica que \u00e9 oferecida pelo SUS. O mesmo vale para as vacinas contra hepatite A e B. As tr\u00eas doses contra hepatite B est\u00e3o na rede p\u00fablica, enquanto as duas contra o tipo A s\u00e3o restritas \u00e0 rede particular.<br><br>&#8220;Existe uma vacina combinada para hepatite A e B tamb\u00e9m. Hoje, a vacina\u00e7\u00e3o para hepatite B \u00e9 de indica\u00e7\u00e3o universal no pa\u00eds, dispon\u00edvel no SUS e, muito provavelmente, qualquer um com mais de 30 anos n\u00e3o tomou na inf\u00e2ncia. Entre 20 e 30 anos, algumas tamb\u00e9m n\u00e3o devem ter tomado&#8221;, diz o infectologista do Santa Catarina.<br><br>A imuniza\u00e7\u00e3o contra HPV \u00e9 , do mesmo modo que as anteriores, importante na vida adulta. Apesar de fazer parte do calend\u00e1rio vacinal de crian\u00e7as e adolescentes, a vacina pode ser encontrada na rede privada e previne o c\u00e2ncer de colo do \u00fatero, da vulva, da vagina, do \u00e2nus e verrugas genitais.<br><br>A SBIm recomenda a vacina\u00e7\u00e3o de mulheres de 9 a 45 anos de idade e homens de 9 a 26 anos, o mais precocemente poss\u00edvel. Homens e mulheres em idades fora dessa faixa tamb\u00e9m podem ser beneficiados com a vacina\u00e7\u00e3o, de acordo com crit\u00e9rio m\u00e9dico.<br><br>&#8220;Para pessoas que j\u00e1 foram infectadas pelo v\u00edrus HPV, fica indicado tamb\u00e9m o uso da vacina\u00e7\u00e3o para preven\u00e7\u00e3o de formas graves do HPV&#8221;, complementa Raquel Muarrek, infectologista da Rede D&#8217;Or.<br><br>Por \u00faltimo, as vacinas meningoc\u00f3cicas (ACWY e B) s\u00e3o recomendadas para adultos em algumas situa\u00e7\u00f5es espec\u00edficas, a depender do risco epidemiol\u00f3gico e individual. \u00c9 importante checar a necessidade com um m\u00e9dico, j\u00e1 que as doses s\u00e3o restritas \u00e0 rede privada.<br><br>Para saber se seu calend\u00e1rio vacinal est\u00e1 em dia, no caso de ter perdido a caderneta ou n\u00e3o se lembrar das doses tomadas, postos de sa\u00fade e m\u00e9dicos especialistas podem ajudar. &#8220;Algumas vacinas, do Plano Nacional de Imuniza\u00e7\u00e3o, t\u00eam seu registro nos postos de sa\u00fade&#8221;, explica Muarrek.<br><br>Segundo a infectologista, no caso de vacinas oferecidas por cl\u00ednicas privadas, \u00e9 poss\u00edvel realizar uma avalia\u00e7\u00e3o m\u00e9dica com exames sorol\u00f3gicos para verificar o quanto de imunidade a pessoa tem e readequar a carteira vacinal.<br><br>Idosos devem se atentar a gripe, pneumonia e herpes z\u00f3ster Dentre as vacinas de rotina indicadas pela Socidade Brasileira de Imuniza\u00e7\u00f5es (SBIm) para maiores de 60 anos, est\u00e3o algumas doses recomendadas para adultos, como a dupla adulto a cada dez anos e a gripe anualmente. Al\u00e9m dessas, se destacam tamb\u00e9m as vacinas antipneumoc\u00f3cicas e da herpes z\u00f3ster.<br>Segundo a SBIm, existe um risco aumentado de formas graves e \u00f3bito por influenza a partir de 60 anos de idade, o que faz com que a vacina da gripe seja ainda mais importante de ser tomada todo ano nessa faixa et\u00e1ria.<br><br>A prote\u00e7\u00e3o contra pneumonia tamb\u00e9m \u00e9 essencial. &#8220;Existem duas vacinas pneumoc\u00f3cicas, uma que chamamos de conjugada [VPC13] e outra polissacar\u00eddica [VPP23]. A partir dos 60 anos, est\u00e1 prevista a polissacar\u00eddica na rede p\u00fablica, mas existe um esquema combinando a conjugada e ela&#8221;, explica Max Igor Banks Ferreira Lopes, infectologista do Hospital Santa Catarina.<br>A recomenda\u00e7\u00e3o citada pelo m\u00e9dico e divulgada pela SBIm \u00e9 da realiza\u00e7\u00e3o da primeira dose da vacina conjugada aos 60 anos, seguida pela primeira dose da pneumoc\u00f3cica polissacar\u00eddica ap\u00f3s seis meses e um refor\u00e7o da VPP23 ap\u00f3s cinco anos.<br><br>Al\u00e9m destas, a vacina contra herpes z\u00f3ster, infec\u00e7\u00e3o causada pelo mesmo v\u00edrus da catapora, tamb\u00e9m \u00e9 indicada na faixa et\u00e1ria. A dose \u00fanica \u00e9 recomendada mesmo para aqueles que j\u00e1 desenvolveram a doen\u00e7a, mas n\u00e3o \u00e9 oferecida no Sistema \u00danico de Sa\u00fade (SUS), apenas em cl\u00ednicas privadas.<\/p>\n\n\n\n<p><strong>Vacina\u00e7\u00e3o de adultos e idosos<\/strong><\/p>\n\n\n\n<p><strong>Caderneta de vacina\u00e7\u00e3o entre 20 e 59 anos<\/strong><\/p>\n\n\n\n<ul><li><strong>Influenza (gripe):<\/strong><\/li><\/ul>\n\n\n\n<p>Recomenda\u00e7\u00e3o: tomar uma vez por ano<br>Dispon\u00edvel na rede p\u00fablica: sim (para grupo de risco, gestantes, trabalhadores da sa\u00fade e professores)<br>Observa\u00e7\u00e3o: h\u00e1 dois tipos de vacina, trivalente e quadrivalente. A quadrivalente traz prote\u00e7\u00e3o a um tipo extra de v\u00edrus da gripe e s\u00f3 est\u00e1 dispon\u00edvel na rede particular.<\/p>\n\n\n\n<ul><li><strong>Dupla adulto (difteria e t\u00e9tano) ou tr\u00edplice bacteriana (difteria, t\u00e9tano e coqueluche):<\/strong><\/li><\/ul>\n\n\n\n<p>Recomenda\u00e7\u00e3o: tomar refor\u00e7o a cada dez anos ap\u00f3s primeira dose feita geralmente aos 15 anos<br>Dispon\u00edvel na rede p\u00fablica: sim<br>Observa\u00e7\u00e3o: caso n\u00e3o tenha tomado a primeira dose entre 15 e 20 anos, o adulto deve buscar se imunizar e, depois, seguir o refor\u00e7o a cada dez anos.<\/p>\n\n\n\n<ul><li><strong>Meningoc\u00f3cicas ACWY e B (meningite):<\/strong><\/li><\/ul>\n\n\n\n<p>Recomenda\u00e7\u00e3o: tomar uma dose da ACWY e duas doses da B<br>Dispon\u00edvel na rede p\u00fablica: n\u00e3o, apenas privada<br>Observa\u00e7\u00e3o: as vacinas fazem parte do calend\u00e1rio infantil, mas, por terem sido adicionadas recentemente e restritas \u00e0 rede particular, muitos adultos n\u00e3o tomaram quando crian\u00e7as<\/p>\n\n\n\n<ul><li><strong>HPV:<\/strong><\/li><\/ul>\n\n\n\n<p>Recomenda\u00e7\u00e3o: tomar as tr\u00eas doses em qualquer idade adulta, caso n\u00e3o tenha tomado na adolesc\u00eancia<br>Dispon\u00edvel na rede p\u00fablica: n\u00e3o, apenas privada<br>Observa\u00e7\u00e3o: vacina recomendada mesmo para adultos previamente infectados pelo v\u00edrus HPV<\/p>\n\n\n\n<p><strong>Caderneta de vacina\u00e7\u00e3o para maiores de 60 anos<\/strong><\/p>\n\n\n\n<ul><li><strong>Influenza (gripe):<\/strong><\/li><\/ul>\n\n\n\n<p>Recomenda\u00e7\u00e3o: tomar uma vez por ano<br>Dispon\u00edvel na rede p\u00fablica: sim<br>Observa\u00e7\u00e3o: h\u00e1 dois tipos de vacina, trivalente e quadrivalente. A quadrivalente traz prote\u00e7\u00e3o a um tipo extra de v\u00edrus da gripe e s\u00f3 est\u00e1 dispon\u00edvel na rede particular.<\/p>\n\n\n\n<ul><li><strong>Herpes z\u00f3ster:<\/strong><\/li><\/ul>\n\n\n\n<p>Recomenda\u00e7\u00e3o: dose \u00fanica ap\u00f3s os 60 anos<br>Dispon\u00edvel na rede p\u00fablica: n\u00e3o, apenas privada<br>Observa\u00e7\u00e3o: vacina recomendada mesmo para aqueles que j\u00e1 desenvolveram a doen\u00e7a<\/p>\n\n\n\n<ul><li><strong>Pneumoc\u00f3cica (pneumonia &#8211; VPP23):<\/strong><\/li><\/ul>\n\n\n\n<p>Recomenda\u00e7\u00e3o: primeira dose ao completar 60 anos e refor\u00e7o ap\u00f3s cinco anos<br>Dispon\u00edvel na rede p\u00fablica: sim<br>Observa\u00e7\u00e3o: H\u00e1 outra vacina pneumoc\u00f3cica chamada de conjugada (VPC13), que n\u00e3o est\u00e1 dispon\u00edvel na rede p\u00fablica, mas pode ser tomada a partir dos 60 anos em um esquema combinado com a VPP23<\/p>\n\n\n\n<p><strong>Vacinas que tamb\u00e9m devem ser tomadas se o adulto n\u00e3o as recebeu na inf\u00e2ncia:<\/strong><\/p>\n\n\n\n<ul><li><strong>Febre amarela<\/strong><\/li><\/ul>\n\n\n\n<p>Hepatite A e B<br>Tr\u00edplice viral (sarampo, caxumba e rub\u00e9ola)<br>Varicela (catapora)*<\/p>\n\n\n\n<blockquote class=\"wp-block-quote\"><p>*Buscar um m\u00e9dico antes de se vacinar para verificar se \u00e9 necess\u00e1ria a imuniza\u00e7\u00e3o<\/p><p>&#8220;N\u00e3o lembro se tomei certa vacina ou perdi minha caderneta de vacina\u00e7\u00e3o. O que fazer?&#8221;<br>Se for uma vacina tomada na rede p\u00fablica, busque um posto de sa\u00fade para verificar os registros no sistema e receber orienta\u00e7\u00f5es. No caso da rede privada, busque um m\u00e9dico infectologista ou imunologista para fazer uma avalia\u00e7\u00e3o m\u00e9dica e exames de sorologia para a readequa\u00e7\u00e3o da carteira vacinal.<\/p><p>Fontes: Sociedade Brasileira de Imuniza\u00e7\u00f5es (SBIm); Max Igor Banks Ferreira Lopes, infectologista do Hospital Santa Catarina; e Raquel Muarrek, infectologista da Rede D&#8217;Or.<\/p><\/blockquote>\n\n\n\n<p><br><strong>Fonte: Folhapress<\/strong><\/p>\n","protected":false},"excerpt":{"rendered":"<p>Muitas doen\u00e7as foram erradicadas ou deixaram de ser um problema de sa\u00fade p\u00fablica por causa da vacina\u00e7\u00e3o em massa da popula\u00e7\u00e3o. Mesmo com maior n\u00famero de vacinas durante a inf\u00e2ncia, o calend\u00e1rio vacinal deve estar em dia tamb\u00e9m na fase adulta para evitar o desenvolvimento de doen\u00e7as mais comuns, como gripes, ou at\u00e9 mais graves, [&hellip;]<\/p>\n","protected":false},"author":1,"featured_media":23797,"comment_status":"open","ping_status":"open","sticky":false,"template":"","format":"standard","meta":{"beyondwords_generate_audio":"","beyondwords_project_id":"","beyondwords_podcast_id":"","beyondwords_hash":"","beyondwords_error_message":"","beyondwords_disabled":"","publish_post_to_speechkit":"","speechkit_generate_audio":"","speechkit_project_id":"","speechkit_podcast_id":"","speechkit_hash":"","speechkit_error_message":"","speechkit_disabled":"","speechkit_access_key":"","speechkit_error":"","speechkit_info":"","speechkit_response":"","speechkit_retries":"","_speechkit_link":"","_speechkit_text":""},"categories":[134,1288],"tags":[598,8615,44,5614,515,46,6538,495,6990,91,8616,580,5440],"jetpack_featured_media_url":"","_links":{"self":[{"href":"https:\/\/pinews.com.br\/index.php\/wp-json\/wp\/v2\/posts\/23796"}],"collection":[{"href":"https:\/\/pinews.com.br\/index.php\/wp-json\/wp\/v2\/posts"}],"about":[{"href":"https:\/\/pinews.com.br\/index.php\/wp-json\/wp\/v2\/types\/post"}],"author":[{"embeddable":true,"href":"https:\/\/pinews.com.br\/index.php\/wp-json\/wp\/v2\/users\/1"}],"replies":[{"embeddable":true,"href":"https:\/\/pinews.com.br\/index.php\/wp-json\/wp\/v2\/comments?post=23796"}],"version-history":[{"count":0,"href":"https:\/\/pinews.com.br\/index.php\/wp-json\/wp\/v2\/posts\/23796\/revisions"}],"wp:featuredmedia":[{"embeddable":true,"href":"https:\/\/pinews.com.br\/index.php\/wp-json\/"}],"wp:attachment":[{"href":"https:\/\/pinews.com.br\/index.php\/wp-json\/wp\/v2\/media?parent=23796"}],"wp:term":[{"taxonomy":"category","embeddable":true,"href":"https:\/\/pinews.com.br\/index.php\/wp-json\/wp\/v2\/categories?post=23796"},{"taxonomy":"post_tag","embeddable":true,"href":"https:\/\/pinews.com.br\/index.php\/wp-json\/wp\/v2\/tags?post=23796"}],"curies":[{"name":"wp","href":"https:\/\/api.w.org\/{rel}","templated":true}]}}