{"id":23836,"date":"2021-06-28T11:26:25","date_gmt":"2021-06-28T14:26:25","guid":{"rendered":"https:\/\/pinews.com.br\/?p=23836"},"modified":"2021-06-28T11:26:25","modified_gmt":"2021-06-28T14:26:25","slug":"decreto-permite-eventos-flexibiliza-toque-de-recolher-e-funcionamento-de-bares-e-restaurantes-no-piaui","status":"publish","type":"post","link":"https:\/\/pinews.com.br\/index.php\/2021\/06\/28\/decreto-permite-eventos-flexibiliza-toque-de-recolher-e-funcionamento-de-bares-e-restaurantes-no-piaui\/","title":{"rendered":"Decreto permite eventos, flexibiliza toque de recolher e funcionamento de bares e restaurantes no Piau\u00ed"},"content":{"rendered":"\n<p>O governo do Piau\u00ed publicou neste domingo (28) o decreto n\u00ba 19.798, que prorrogou as medidas restritivas impostas com o objetivo de conter a contamina\u00e7\u00e3o do coronav\u00edrus no estado por mais uma semana, de 28 de junho a 4 de julho.<\/p>\n\n\n\n<p>O documento autorizou a realiza\u00e7\u00e3o de atividades art\u00edsticas, criativas e de espet\u00e1culos para eventos em cinemas, teatros, circos, casas de espet\u00e1culos, espa\u00e7os de eventos, casas de shows e audit\u00f3rios em ambientes abertos e semiabertos, com p\u00fablico m\u00e1ximo de 100 pessoas.<\/p>\n\n\n\n<p>Contudo, \u00e9 necess\u00e1rio manter o distanciamento m\u00ednimo de dois metros. Os eventos tamb\u00e9m poder\u00e3o utilizar som mec\u00e2nico, instrumental ou apresenta\u00e7\u00e3o de m\u00fasico, desde que n\u00e3o gerem aglomera\u00e7\u00e3o e n\u00e3o permitam dan\u00e7a.<\/p>\n\n\n\n<p>Atividades que envolvam aglomera\u00e7\u00e3o sem distanciamento e descumprindo as medidas sanit\u00e1rias continuam suspensas.<\/p>\n\n\n\n<p><strong>Bares, restaurantes, trailers, lanchonetes, barracas de praia, lojas de conveni\u00eancia, dep\u00f3sitos de bebidas e estabelecimentos similares poder\u00e3o, a partir desta segunda (28), funcionar at\u00e9 as 24h.<\/strong><\/p>\n\n\n\n<p>O com\u00e9rcio em geral poder\u00e1 funcionar somente at\u00e9 as 17h e os shopping centers somente das 12h \u00e0s 22h. O funcionamento de mercearias, mercadinhos, mercados, supermercados, hipermercados, padarias e produtos aliment\u00edcios deve encerrar-se at\u00e9 as 24h.<\/p>\n\n\n\n<p>A perman\u00eancia de pessoas em espa\u00e7os p\u00fablicos abertos de uso coletivo, como parques, pra\u00e7as, praias e outros, fica condicionada \u00e0 estrita obedi\u00eancia aos protocolos sanit\u00e1rios.<\/p>\n\n\n\n<figure class=\"wp-block-image\"><img decoding=\"async\" src=\"https:\/\/s2.glbimg.com\/6JAMUAynqnLGYws7SsirNqhMW1c=\/0x0:957x538\/984x0\/smart\/filters:strip_icc()\/i.s3.glbimg.com\/v1\/AUTH_59edd422c0c84a879bd37670ae4f538a\/internal_photos\/bs\/2021\/1\/x\/AGABUBTVOvQk5ItyGzKw\/captura-de-tela-2021-03-04-as-09.26.20.jpg\" alt=\"Pol\u00edcia Militar fiscaliza toque de recolher durante a pandemia da Covid-19 em Teresina \u2014 Foto: Reprodu\u00e7\u00e3o\/TV Clube\"\/><figcaption>Pol\u00edcia Militar fiscaliza toque de recolher durante a pandemia da Covid-19 em Teresina \u2014 Foto: Reprodu\u00e7\u00e3o\/TV Clube<\/figcaption><\/figure>\n\n\n\n<p>O toque de recolher, que pro\u00edbe a circula\u00e7\u00e3o de pessoas em espa\u00e7os e vias p\u00fablicas, ou em espa\u00e7os e vias privadas equiparadas a vias p\u00fablicas, ser\u00e1 no hor\u00e1rio entre 1h e as 5h.<\/p>\n\n\n\n<p>Os \u00f3rg\u00e3os e entidades da Administra\u00e7\u00e3o P\u00fablica voltar\u00e3o a funcionar na modalidade presencial, devendo ser observado o Protocolo Espec\u00edfico n\u00ba 033\/2020.<\/p>\n\n\n\n<p>O Governo do Estado destaca ainda que a fiscaliza\u00e7\u00e3o das medidas determinadas neste Decreto ser\u00e1 exercida de forma ostensiva pelas vigil\u00e2ncias sanit\u00e1rias estadual e municipal, com o apoio da Pol\u00edcia Militar, da Pol\u00edcia Civil e da Guarda Municipal.<\/p>\n\n\n\n<p><strong>Fonte: G1 PI<\/strong><\/p>\n","protected":false},"excerpt":{"rendered":"<p>O governo do Piau\u00ed publicou neste domingo (28) o decreto n\u00ba 19.798, que prorrogou as medidas restritivas impostas com o objetivo de conter a contamina\u00e7\u00e3o do coronav\u00edrus no estado por mais uma semana, de 28 de junho a 4 de julho. O documento autorizou a realiza\u00e7\u00e3o de atividades art\u00edsticas, criativas e de espet\u00e1culos para eventos [&hellip;]<\/p>\n","protected":false},"author":1,"featured_media":23837,"comment_status":"open","ping_status":"open","sticky":false,"template":"","format":"standard","meta":{"beyondwords_generate_audio":"","beyondwords_project_id":"","beyondwords_podcast_id":"","beyondwords_hash":"","beyondwords_error_message":"","beyondwords_disabled":"","publish_post_to_speechkit":"","speechkit_generate_audio":"","speechkit_project_id":"","speechkit_podcast_id":"","speechkit_hash":"","speechkit_error_message":"","speechkit_disabled":"","speechkit_access_key":"","speechkit_error":"","speechkit_info":"","speechkit_response":"","speechkit_retries":"","_speechkit_link":"","_speechkit_text":""},"categories":[51],"tags":[774,44,2611,7404,8266,7680,5570,52,7582,6440,7583],"jetpack_featured_media_url":"","_links":{"self":[{"href":"https:\/\/pinews.com.br\/index.php\/wp-json\/wp\/v2\/posts\/23836"}],"collection":[{"href":"https:\/\/pinews.com.br\/index.php\/wp-json\/wp\/v2\/posts"}],"about":[{"href":"https:\/\/pinews.com.br\/index.php\/wp-json\/wp\/v2\/types\/post"}],"author":[{"embeddable":true,"href":"https:\/\/pinews.com.br\/index.php\/wp-json\/wp\/v2\/users\/1"}],"replies":[{"embeddable":true,"href":"https:\/\/pinews.com.br\/index.php\/wp-json\/wp\/v2\/comments?post=23836"}],"version-history":[{"count":0,"href":"https:\/\/pinews.com.br\/index.php\/wp-json\/wp\/v2\/posts\/23836\/revisions"}],"wp:featuredmedia":[{"embeddable":true,"href":"https:\/\/pinews.com.br\/index.php\/wp-json\/"}],"wp:attachment":[{"href":"https:\/\/pinews.com.br\/index.php\/wp-json\/wp\/v2\/media?parent=23836"}],"wp:term":[{"taxonomy":"category","embeddable":true,"href":"https:\/\/pinews.com.br\/index.php\/wp-json\/wp\/v2\/categories?post=23836"},{"taxonomy":"post_tag","embeddable":true,"href":"https:\/\/pinews.com.br\/index.php\/wp-json\/wp\/v2\/tags?post=23836"}],"curies":[{"name":"wp","href":"https:\/\/api.w.org\/{rel}","templated":true}]}}