{"id":23882,"date":"2021-06-29T20:53:00","date_gmt":"2021-06-29T23:53:00","guid":{"rendered":"https:\/\/pinews.com.br\/?p=23882"},"modified":"2021-06-29T20:53:00","modified_gmt":"2021-06-29T23:53:00","slug":"suspeito-de-atirar-contra-casa-das-tias-e-preso-com-mais-de-20-armas-no-norte-do-piaui","status":"publish","type":"post","link":"https:\/\/pinews.com.br\/index.php\/2021\/06\/29\/suspeito-de-atirar-contra-casa-das-tias-e-preso-com-mais-de-20-armas-no-norte-do-piaui\/","title":{"rendered":"Suspeito de atirar contra casa das tias \u00e9 preso com mais de 20 armas no Norte do Piau\u00ed"},"content":{"rendered":"\n<p>Um homem de 33 anos foi preso em flagrante na tarde desta ter\u00e7a-feira (29) por porte ilegal de armas em Campo Maior, Norte do Piau\u00ed. Com o suspeito foram apreendidos&nbsp;tr\u00eas armas de fogo de fabrica\u00e7\u00e3o caseira e 18 armas brancas, entre facas, canivetes e fac\u00f5es, al\u00e9m de muni\u00e7\u00f5es.<\/p>\n\n\n\n<p>De acordo com o major Etevaldo Alves, comandante do 15\u00b0 Batalh\u00e3o da Pol\u00edcia Militar, a princ\u00edpio os policiais procuraram o suspeito para apurar a den\u00fancia de que ele havia atirado contra a casa das tr\u00eas tias, que s\u00e3o idosas. Os disparos ocorreram na madrugada desta ter\u00e7a-feira.<\/p>\n\n\n\n<blockquote class=\"wp-block-quote\"><p>&#8220;As senhoras denunciaram para a pol\u00edcia que o autor dos disparos teria sido o pr\u00f3prio sobrinho. Elas nos repassaram o endere\u00e7o dele e n\u00f3s iniciamos as buscas, encontramos a casa, cercamos e solicitamos que ele se entregasse com a arma de fogo. O suspeito n\u00e3o esbo\u00e7ou nenhuma rea\u00e7\u00e3o e se entregou. Durante uma vistoria na casa dele, n\u00f3s encontramos tr\u00eas armas de fogo, 18 armas brancas e tamb\u00e9m muni\u00e7\u00f5es&#8221;, disse o major.<\/p><\/blockquote>\n\n\n\n<figure class=\"wp-block-image\"><img decoding=\"async\" src=\"https:\/\/s2.glbimg.com\/X4sPoP5K7QtSp98ifA2aflJFUtA=\/0x0:876x1168\/984x0\/smart\/filters:strip_icc()\/i.s3.glbimg.com\/v1\/AUTH_59edd422c0c84a879bd37670ae4f538a\/internal_photos\/bs\/2021\/D\/q\/ETOyaUQFCLdWfOjDy87Q\/whatsapp-image-2021-06-29-at-16.44.07.jpeg\" alt=\"Suspeito de atirar contra casa de tias \u00e9 preso com mais de 20 armas em sua resid\u00eancia no Piau\u00ed \u2014 Foto: Divulga\u00e7\u00e3o\/PM\"\/><figcaption>Suspeito de atirar contra casa de tias \u00e9 preso com mais de 20 armas em sua resid\u00eancia no Piau\u00ed \u2014 Foto: Divulga\u00e7\u00e3o\/PM<\/figcaption><\/figure>\n\n\n\n<p>O comandante revelou que a PM j\u00e1 atendeu outras ocorr\u00eancias por parte das idosas, tamb\u00e9m denunciando o sobrinho por amea\u00e7as. Na den\u00fancia desta ter\u00e7a-feira, o suspeito teria atirado cinco vezes no port\u00e3o delas.<\/p>\n\n\n\n<p>&#8220;Ele \u00e9 usu\u00e1rio de drogas e a suspeita \u00e9 de que ele amea\u00e7ava as tias para conseguir dinheiro para comprar entorpecentes&#8221;, contou o major Etevaldo.<\/p>\n\n\n\n<figure class=\"wp-block-image\"><img decoding=\"async\" src=\"https:\/\/s2.glbimg.com\/yTrp6vmLI0UPXHDu6OznWig3VB8=\/0x0:1280x960\/984x0\/smart\/filters:strip_icc()\/i.s3.glbimg.com\/v1\/AUTH_59edd422c0c84a879bd37670ae4f538a\/internal_photos\/bs\/2021\/V\/k\/FnvWUBQsC3tyvCCh6LYg\/whatsapp-image-2021-06-29-at-16.44.06-1-.jpeg\" alt=\"Suspeito de atirar contra casa de tias \u00e9 preso com mais de 20 armas em sua resid\u00eancia no Piau\u00ed \u2014 Foto: Divulga\u00e7\u00e3o\/PM\"\/><figcaption>Suspeito de atirar contra casa de tias \u00e9 preso com mais de 20 armas em sua resid\u00eancia no Piau\u00ed \u2014 Foto: Divulga\u00e7\u00e3o\/PM<\/figcaption><\/figure>\n\n\n\n<p>O suspeito foi autuado em flagrante por porte ilegal de armas e encaminhado para a Delegacia Regional de Campo Maior. Ele tamb\u00e9m vai responder pelas amea\u00e7as feitas \u00e0s tias. O delegado P\u00e9rikles Lima ficar\u00e1 respons\u00e1vel pelas investiga\u00e7\u00f5es.<\/p>\n\n\n\n<p><strong>Fonte: Cidade Verde<\/strong><\/p>\n","protected":false},"excerpt":{"rendered":"<p>Um homem de 33 anos foi preso em flagrante na tarde desta ter\u00e7a-feira (29) por porte ilegal de armas em Campo Maior, Norte do Piau\u00ed. Com o suspeito foram apreendidos&nbsp;tr\u00eas armas de fogo de fabrica\u00e7\u00e3o caseira e 18 armas brancas, entre facas, canivetes e fac\u00f5es, al\u00e9m de muni\u00e7\u00f5es. De acordo com o major Etevaldo Alves, [&hellip;]<\/p>\n","protected":false},"author":1,"featured_media":23883,"comment_status":"open","ping_status":"open","sticky":false,"template":"","format":"standard","meta":{"beyondwords_generate_audio":"","beyondwords_project_id":"","beyondwords_podcast_id":"","beyondwords_hash":"","beyondwords_error_message":"","beyondwords_disabled":"","publish_post_to_speechkit":"","speechkit_generate_audio":"","speechkit_project_id":"","speechkit_podcast_id":"","speechkit_hash":"","speechkit_error_message":"","speechkit_disabled":"","speechkit_access_key":"","speechkit_error":"","speechkit_info":"","speechkit_response":"","speechkit_retries":"","_speechkit_link":"","_speechkit_text":""},"categories":[51,78],"tags":[208,657,1743,149,294,888,44,72,76,337,52,79,130,8630],"jetpack_featured_media_url":"","_links":{"self":[{"href":"https:\/\/pinews.com.br\/index.php\/wp-json\/wp\/v2\/posts\/23882"}],"collection":[{"href":"https:\/\/pinews.com.br\/index.php\/wp-json\/wp\/v2\/posts"}],"about":[{"href":"https:\/\/pinews.com.br\/index.php\/wp-json\/wp\/v2\/types\/post"}],"author":[{"embeddable":true,"href":"https:\/\/pinews.com.br\/index.php\/wp-json\/wp\/v2\/users\/1"}],"replies":[{"embeddable":true,"href":"https:\/\/pinews.com.br\/index.php\/wp-json\/wp\/v2\/comments?post=23882"}],"version-history":[{"count":0,"href":"https:\/\/pinews.com.br\/index.php\/wp-json\/wp\/v2\/posts\/23882\/revisions"}],"wp:featuredmedia":[{"embeddable":true,"href":"https:\/\/pinews.com.br\/index.php\/wp-json\/"}],"wp:attachment":[{"href":"https:\/\/pinews.com.br\/index.php\/wp-json\/wp\/v2\/media?parent=23882"}],"wp:term":[{"taxonomy":"category","embeddable":true,"href":"https:\/\/pinews.com.br\/index.php\/wp-json\/wp\/v2\/categories?post=23882"},{"taxonomy":"post_tag","embeddable":true,"href":"https:\/\/pinews.com.br\/index.php\/wp-json\/wp\/v2\/tags?post=23882"}],"curies":[{"name":"wp","href":"https:\/\/api.w.org\/{rel}","templated":true}]}}