{"id":2389,"date":"2019-11-17T14:38:51","date_gmt":"2019-11-17T16:38:51","guid":{"rendered":"https:\/\/pinews.com.br\/?p=2389"},"modified":"2019-11-17T14:38:51","modified_gmt":"2019-11-17T16:38:51","slug":"jovem-advogada-picoense-morre-em-teresina-apos-dias-de-luta-na-uti","status":"publish","type":"post","link":"https:\/\/pinews.com.br\/index.php\/2019\/11\/17\/jovem-advogada-picoense-morre-em-teresina-apos-dias-de-luta-na-uti\/","title":{"rendered":"Jovem advogada picoense morre em Teresina ap\u00f3s dias de luta na UTI"},"content":{"rendered":"\n<p>(Foto: Reprodu\u00e7\u00e3o)<\/p>\n\n\n\n<p style=\"text-align:justify\">A advogada Renata V\u00e9rica de Sousa Silva, 26 anos, natural de Picos\/PI, veio a \u00f3bito na manh\u00e3 deste s\u00e1bado (16\/11), na Unidade de Terapia Intensiva da Pronto Med, na capital do estado, onde residia h\u00e1 mais de 15 anos.&nbsp;<\/p>\n\n\n\n<p style=\"text-align:justify\">Em Picos, viveu toda sua inf\u00e2ncia no bairro Malva e estudou no Col\u00e9gio Santa Rita. Portadora da S\u00edndrome Mucopolissacaridoise tipo 6 &#8211; condi\u00e7\u00e3o causada pela defici\u00eancia da enzima arilsulfatase B (ASB), &nbsp;teve que transferir seu domic\u00edlio para Teresina em 2004 em busca de um tratamento mais especializado.&nbsp;<\/p>\n\n\n\n<p style=\"text-align:justify\">Em 2005, perdeu a vis\u00e3o em decorr\u00eancia de uma hidrocefalia ocasionada pela citada e rara doen\u00e7a que era acompanhada e estudada de perto por doutores da Universidade Federal do Rio Grande do Sul e de S\u00e3o Paulo.&nbsp;<\/p>\n\n\n\n<p style=\"text-align:justify\">Ap\u00f3s estudar no Col\u00e9gio das Irm\u00e3s e no Diocesano, em Teresina, Renata V\u00e9rica se formou em Direito em agosto de 2018 na Faculdade Camilo Filho. Em seguida passou no dific\u00edlimo exame de admiss\u00e3o da Ordem dos Advogados do Brasil e recebeu a Carteira da OAB das m\u00e3os do atual presidente Dr. Celso Barros Neto.<\/p>\n\n\n\n<figure class=\"wp-block-image\"><img decoding=\"async\" src=\"http:\/\/www.picos40graus.com.br\/userfiles\/images\/54e353d7-6931-488a-b980-7038283dc7ca.jpg\" alt=\"\"\/><\/figure>\n\n\n\n<p style=\"text-align:justify\">Recentemente, matriculou-se ainda na p\u00f3s-gradua\u00e7\u00e3o em Direito Penal e Processo Penal da Escola do Legislativo Piauiense.&nbsp;<\/p>\n\n\n\n<p style=\"text-align:justify\">Sua fam\u00edlia vivenciou de perto toda essa forma\u00e7\u00e3o e supera\u00e7\u00e3o de obst\u00e1culos de Renatinha, como era carinhosamente conhecida. Principalmente quando a mesma perdeu a vis\u00e3o e sua m\u00e3e n\u00e3o desistiu de realizar todos os sonhos da filha lendo todos os livros para a mesma alcan\u00e7ar suas metas.&nbsp;<\/p>\n\n\n\n<p style=\"text-align:justify\">A profissional era membro da Comiss\u00e3o Estadual das pessoas com defici\u00eancia da OAB\/PI e vinha atuando em Teresina e em Picos\/PI em parceria com o primo e tamb\u00e9m advogado Gl\u00e1uber Silva. A \u00faltima dilig\u00eancia profissional da mesma foi no dia 16 de outubro, no Pleno do Tribunal Regional do Trabalho onde acompanhou seu s\u00f3cio em uma defesa oral de um processo trabalhista.&nbsp;<\/p>\n\n\n\n<figure class=\"wp-block-image\"><img decoding=\"async\" src=\"http:\/\/www.picos40graus.com.br\/userfiles\/images\/15eb6371-ca05-4e6d-a859-1713e2557cc0.jpg\" alt=\"\"\/><\/figure>\n\n\n\n<p style=\"text-align:justify\">Renata V\u00e9rica era filha de Walter Ant\u00f4nio da Silva (empregado p\u00fablico da AGESPISA) e de Maria Cleidivan da Silva Sousa. Deixa um \u00fanico irm\u00e3o, o farmac\u00eautico Rennan W\u00e1lter, que \u00e9 bioqu\u00edmo das Farm\u00e1cias Globo e assessor do Conselho Regional de Farm\u00e1cia \u2013 CRF. &nbsp;&nbsp;<\/p>\n\n\n\n<p style=\"text-align:justify\">Seu corpo chega a Picos \u00e0s 18h00min e ser\u00e1 velado na Funer\u00e1ria PAF Vida localizada na Rua do Cruzeiro. Neste domingo (17\/11) ocorrer\u00e1 a missa de corpo presente e seu sepultamento na cidade de Francisco Santos, terra natal dos seus pais.<\/p>\n\n\n\n<p>Fotos: Reprodu\u00e7\u00e3o<\/p>\n\n\n\n<p><strong>Fonte: Picos 40 Graus<\/strong><\/p>\n","protected":false},"excerpt":{"rendered":"<p>(Foto: Reprodu\u00e7\u00e3o) A advogada Renata V\u00e9rica de Sousa Silva, 26 anos, natural de Picos\/PI, veio a \u00f3bito na manh\u00e3 deste s\u00e1bado (16\/11), na Unidade de Terapia Intensiva da Pronto Med, na capital do estado, onde residia h\u00e1 mais de 15 anos.&nbsp; Em Picos, viveu toda sua inf\u00e2ncia no bairro Malva e estudou no Col\u00e9gio Santa [&hellip;]<\/p>\n","protected":false},"author":1,"featured_media":2390,"comment_status":"open","ping_status":"open","sticky":false,"template":"","format":"standard","meta":{"beyondwords_generate_audio":"","beyondwords_project_id":"","beyondwords_podcast_id":"","beyondwords_hash":"","beyondwords_error_message":"","beyondwords_disabled":"","publish_post_to_speechkit":"","speechkit_generate_audio":"","speechkit_project_id":"","speechkit_podcast_id":"","speechkit_hash":"","speechkit_error_message":"","speechkit_disabled":"","speechkit_access_key":"","speechkit_error":"","speechkit_info":"","speechkit_response":"","speechkit_retries":"","_speechkit_link":"","_speechkit_text":""},"categories":[1184,124,51,126],"tags":[1647,119,1648,187],"jetpack_featured_media_url":"","_links":{"self":[{"href":"https:\/\/pinews.com.br\/index.php\/wp-json\/wp\/v2\/posts\/2389"}],"collection":[{"href":"https:\/\/pinews.com.br\/index.php\/wp-json\/wp\/v2\/posts"}],"about":[{"href":"https:\/\/pinews.com.br\/index.php\/wp-json\/wp\/v2\/types\/post"}],"author":[{"embeddable":true,"href":"https:\/\/pinews.com.br\/index.php\/wp-json\/wp\/v2\/users\/1"}],"replies":[{"embeddable":true,"href":"https:\/\/pinews.com.br\/index.php\/wp-json\/wp\/v2\/comments?post=2389"}],"version-history":[{"count":0,"href":"https:\/\/pinews.com.br\/index.php\/wp-json\/wp\/v2\/posts\/2389\/revisions"}],"wp:featuredmedia":[{"embeddable":true,"href":"https:\/\/pinews.com.br\/index.php\/wp-json\/"}],"wp:attachment":[{"href":"https:\/\/pinews.com.br\/index.php\/wp-json\/wp\/v2\/media?parent=2389"}],"wp:term":[{"taxonomy":"category","embeddable":true,"href":"https:\/\/pinews.com.br\/index.php\/wp-json\/wp\/v2\/categories?post=2389"},{"taxonomy":"post_tag","embeddable":true,"href":"https:\/\/pinews.com.br\/index.php\/wp-json\/wp\/v2\/tags?post=2389"}],"curies":[{"name":"wp","href":"https:\/\/api.w.org\/{rel}","templated":true}]}}