{"id":23940,"date":"2021-07-01T11:53:49","date_gmt":"2021-07-01T14:53:49","guid":{"rendered":"https:\/\/pinews.com.br\/?p=23940"},"modified":"2021-07-01T11:53:49","modified_gmt":"2021-07-01T14:53:49","slug":"caminhao-carregado-com-milho-tomba-na-br-343-no-piaui","status":"publish","type":"post","link":"https:\/\/pinews.com.br\/index.php\/2021\/07\/01\/caminhao-carregado-com-milho-tomba-na-br-343-no-piaui\/","title":{"rendered":"Caminh\u00e3o carregado com milho tomba na BR-343, no Piau\u00ed"},"content":{"rendered":"\n<p>Um caminh\u00e3o carregado com milho perdeu o controle e tombou na madrugada desta quinta-feira (1\u00ba), na BR-343, em Altos&nbsp;distante 38 km de Teresina. Segundo a Pol\u00edcia Rodovi\u00e1ria Federal, o condutor do ve\u00edculo, um homem de 26 anos, saiu ileso do acidente.<\/p>\n\n\n\n<p>De acordo com o inspetor da PRF, Alexsandro Lima, o acidente aconteceu por volta das 4h30, momento em que o caminh\u00e3o trafegava por uma curva, em alta velocidade.<\/p>\n\n\n\n<div class=\"wp-block-image\"><figure class=\"aligncenter\"><img decoding=\"async\" src=\"https:\/\/s2.glbimg.com\/jOB55sSwql85wq-LhD1ZyPwkStI=\/0x0:1280x958\/984x0\/smart\/filters:strip_icc()\/i.s3.glbimg.com\/v1\/AUTH_59edd422c0c84a879bd37670ae4f538a\/internal_photos\/bs\/2021\/X\/J\/GYWCr4QwSa7S77fAAymQ\/whatsapp-image-2021-07-01-at-09.08.32.jpeg\" alt=\"Caminh\u00e3o carregado de milho tomba na BR- 343, no Piau\u00ed \u2014 Foto: Divulga\u00e7\u00e3o\/PRF\"\/><figcaption>Caminh\u00e3o carregado de milho tomba na BR- 343, no Piau\u00ed \u2014 Foto: Divulga\u00e7\u00e3o\/PRF<\/figcaption><\/figure><\/div>\n\n\n\n<p>\u201cO ve\u00edculo tombou por estar transitando em velocidade incompat\u00edvel com o local, tendo em vista tratar-se de uma curva acentuada\u201d, informou o inspetor.<\/p>\n\n\n\n<p>A PRF informou tamb\u00e9m que, ap\u00f3s o tombamento, a BR-343 foi parcialmente interditada e deve ser liberada at\u00e9 as 11h desta quinta-feira (1).<\/p>\n\n\n\n<p><strong>Fonte: G1 PI<\/strong><\/p>\n","protected":false},"excerpt":{"rendered":"<p>Um caminh\u00e3o carregado com milho perdeu o controle e tombou na madrugada desta quinta-feira (1\u00ba), na BR-343, em Altos&nbsp;distante 38 km de Teresina. Segundo a Pol\u00edcia Rodovi\u00e1ria Federal, o condutor do ve\u00edculo, um homem de 26 anos, saiu ileso do acidente. De acordo com o inspetor da PRF, Alexsandro Lima, o acidente aconteceu por volta [&hellip;]<\/p>\n","protected":false},"author":1,"featured_media":23941,"comment_status":"open","ping_status":"open","sticky":false,"template":"","format":"standard","meta":{"beyondwords_generate_audio":"","beyondwords_project_id":"","beyondwords_podcast_id":"","beyondwords_hash":"","beyondwords_error_message":"","beyondwords_disabled":"","publish_post_to_speechkit":"","speechkit_generate_audio":"","speechkit_project_id":"","speechkit_podcast_id":"","speechkit_hash":"","speechkit_error_message":"","speechkit_disabled":"","speechkit_access_key":"","speechkit_error":"","speechkit_info":"","speechkit_response":"","speechkit_retries":"","_speechkit_link":"","_speechkit_text":""},"categories":[51],"tags":[377,188,864,6177,91,52,417],"jetpack_featured_media_url":"","_links":{"self":[{"href":"https:\/\/pinews.com.br\/index.php\/wp-json\/wp\/v2\/posts\/23940"}],"collection":[{"href":"https:\/\/pinews.com.br\/index.php\/wp-json\/wp\/v2\/posts"}],"about":[{"href":"https:\/\/pinews.com.br\/index.php\/wp-json\/wp\/v2\/types\/post"}],"author":[{"embeddable":true,"href":"https:\/\/pinews.com.br\/index.php\/wp-json\/wp\/v2\/users\/1"}],"replies":[{"embeddable":true,"href":"https:\/\/pinews.com.br\/index.php\/wp-json\/wp\/v2\/comments?post=23940"}],"version-history":[{"count":0,"href":"https:\/\/pinews.com.br\/index.php\/wp-json\/wp\/v2\/posts\/23940\/revisions"}],"wp:featuredmedia":[{"embeddable":true,"href":"https:\/\/pinews.com.br\/index.php\/wp-json\/"}],"wp:attachment":[{"href":"https:\/\/pinews.com.br\/index.php\/wp-json\/wp\/v2\/media?parent=23940"}],"wp:term":[{"taxonomy":"category","embeddable":true,"href":"https:\/\/pinews.com.br\/index.php\/wp-json\/wp\/v2\/categories?post=23940"},{"taxonomy":"post_tag","embeddable":true,"href":"https:\/\/pinews.com.br\/index.php\/wp-json\/wp\/v2\/tags?post=23940"}],"curies":[{"name":"wp","href":"https:\/\/api.w.org\/{rel}","templated":true}]}}