{"id":23947,"date":"2021-07-01T18:32:04","date_gmt":"2021-07-01T21:32:04","guid":{"rendered":"https:\/\/pinews.com.br\/?p=23947"},"modified":"2021-07-01T18:32:04","modified_gmt":"2021-07-01T21:32:04","slug":"prf-prende-homem-acusado-de-receptacao-de-veiculo-e-uso-documento-falso-em-floriano","status":"publish","type":"post","link":"https:\/\/pinews.com.br\/index.php\/2021\/07\/01\/prf-prende-homem-acusado-de-receptacao-de-veiculo-e-uso-documento-falso-em-floriano\/","title":{"rendered":"PRF prende homem acusado de recepta\u00e7\u00e3o de ve\u00edculo e uso documento falso em Floriano"},"content":{"rendered":"\n<p>Policiais Rodovi\u00e1rios Federais prenderam na noite de&nbsp;quarta-feira (30)&nbsp;um homem de 41 anos acusado do crime de&nbsp;Recepta\u00e7\u00e3o&nbsp;e uso de&nbsp;Documenta\u00e7\u00e3o Falsa. A a\u00e7\u00e3o aconteceu \u00e0s margens da BR-343 na cidade de&nbsp;Floriano, a 247 km de Teresina. O homem conduzia o ve\u00edculo Fiat\/Siena Essence no momento da abordagem.<\/p>\n\n\n\n<p>Durante fiscaliza\u00e7\u00e3o de rotina, os policiais abordaram o ve\u00edculo e o homem, que \u00e9 natural de Floriano, apresentou o documento com ind\u00edcios de falsifica\u00e7\u00e3o. Ap\u00f3s verifica\u00e7\u00e3o, foi conclu\u00eddo que o carro havia sido tomado de assalto no dia&nbsp;20\/02\/2019, em Bras\u00edlia.<\/p>\n\n\n\n<p>O documento apresentado pelo acusado pertencia a um lote que havia sido furtado do DETRAN de Mato Grosso, em novembro de 2018, quando quatro mil exemplares foram furtados na cidade de Poxor\u00e9u.<\/p>\n\n\n\n<p>Diante desse cen\u00e1rio, os policiais encaminharam o ve\u00edculo e o homem \u00e0 Pol\u00edcia Civil da cidade de Floriano para os procedimentos que o caso requer. Ele responder\u00e1 pelos crimes de Recepta\u00e7\u00e3o e uso de Documento Falso.<\/p>\n\n\n\n<p><strong>Fonte: Portal O Dia<\/strong><\/p>\n","protected":false},"excerpt":{"rendered":"<p>Policiais Rodovi\u00e1rios Federais prenderam na noite de&nbsp;quarta-feira (30)&nbsp;um homem de 41 anos acusado do crime de&nbsp;Recepta\u00e7\u00e3o&nbsp;e uso de&nbsp;Documenta\u00e7\u00e3o Falsa. A a\u00e7\u00e3o aconteceu \u00e0s margens da BR-343 na cidade de&nbsp;Floriano, a 247 km de Teresina. O homem conduzia o ve\u00edculo Fiat\/Siena Essence no momento da abordagem. Durante fiscaliza\u00e7\u00e3o de rotina, os policiais abordaram o ve\u00edculo e [&hellip;]<\/p>\n","protected":false},"author":1,"featured_media":23948,"comment_status":"open","ping_status":"open","sticky":false,"template":"","format":"standard","meta":{"beyondwords_generate_audio":"","beyondwords_project_id":"","beyondwords_podcast_id":"","beyondwords_hash":"","beyondwords_error_message":"","beyondwords_disabled":"","publish_post_to_speechkit":"","speechkit_generate_audio":"","speechkit_project_id":"","speechkit_podcast_id":"","speechkit_hash":"","speechkit_error_message":"","speechkit_disabled":"","speechkit_access_key":"","speechkit_error":"","speechkit_info":"","speechkit_response":"","speechkit_retries":"","_speechkit_link":"","_speechkit_text":""},"categories":[51,78],"tags":[1273,44,907,46,908,666,84,112,104,989,5668,158],"jetpack_featured_media_url":"","_links":{"self":[{"href":"https:\/\/pinews.com.br\/index.php\/wp-json\/wp\/v2\/posts\/23947"}],"collection":[{"href":"https:\/\/pinews.com.br\/index.php\/wp-json\/wp\/v2\/posts"}],"about":[{"href":"https:\/\/pinews.com.br\/index.php\/wp-json\/wp\/v2\/types\/post"}],"author":[{"embeddable":true,"href":"https:\/\/pinews.com.br\/index.php\/wp-json\/wp\/v2\/users\/1"}],"replies":[{"embeddable":true,"href":"https:\/\/pinews.com.br\/index.php\/wp-json\/wp\/v2\/comments?post=23947"}],"version-history":[{"count":0,"href":"https:\/\/pinews.com.br\/index.php\/wp-json\/wp\/v2\/posts\/23947\/revisions"}],"wp:featuredmedia":[{"embeddable":true,"href":"https:\/\/pinews.com.br\/index.php\/wp-json\/"}],"wp:attachment":[{"href":"https:\/\/pinews.com.br\/index.php\/wp-json\/wp\/v2\/media?parent=23947"}],"wp:term":[{"taxonomy":"category","embeddable":true,"href":"https:\/\/pinews.com.br\/index.php\/wp-json\/wp\/v2\/categories?post=23947"},{"taxonomy":"post_tag","embeddable":true,"href":"https:\/\/pinews.com.br\/index.php\/wp-json\/wp\/v2\/tags?post=23947"}],"curies":[{"name":"wp","href":"https:\/\/api.w.org\/{rel}","templated":true}]}}