{"id":23990,"date":"2021-07-02T18:16:54","date_gmt":"2021-07-02T21:16:54","guid":{"rendered":"https:\/\/pinews.com.br\/?p=23990"},"modified":"2021-07-02T18:16:54","modified_gmt":"2021-07-02T21:16:54","slug":"governo-do-piaui-prorroga-estado-de-calamidade-publica-devido-a-covid-19-ate-o-final-de-2021","status":"publish","type":"post","link":"https:\/\/pinews.com.br\/index.php\/2021\/07\/02\/governo-do-piaui-prorroga-estado-de-calamidade-publica-devido-a-covid-19-ate-o-final-de-2021\/","title":{"rendered":"Governo do Piau\u00ed prorroga estado de calamidade p\u00fablica devido \u00e0 Covid-19 at\u00e9 o final de 2021"},"content":{"rendered":"\n<p>O governador do Piau\u00ed Wellington Dias (PT) prorrogou o estado de calamidade p\u00fablica decretado por conta da pandemia da Covid-19 at\u00e9 o dia 31 de dezembro de 2021. O primeiro decreto foi assinado em 19 de mar\u00e7o de 2020. O documento ainda deve ser aprovado pela Assembleia Legislativa do Piau\u00ed.<\/p>\n\n\n\n<p>Segundo o decreto de prorroga\u00e7\u00e3o, o Comit\u00ea Cient\u00edfico do Comit\u00ea de Opera\u00e7\u00f5es Emergenciais (COE) dever\u00e1 avalizar as medidas adotadas para combater a dissemina\u00e7\u00e3o da Covid-19 a cada 30 dias, buscando o retorno \u00e0 normalidade. O fim do estado de calamidade ser\u00e1 submetida \u00e0 uma avalia\u00e7\u00e3o do COE.<\/p>\n\n\n\n<p>No dia 19 de abril de 2020, o governo do Piau\u00ed decretou pela primeira vez a situa\u00e7\u00e3o de calamidade p\u00fablica em decorr\u00eancia da Covid-19. Oito dias depois faleceu a primeira v\u00edtima de Covid-19 no estado, o prefeito S\u00e3o Jos\u00e9 do Divino, Ant\u00f4nio Nonato Lima Gomes.<\/p>\n\n\n\n<p>Em estado de calamidade p\u00fablica, o governo n\u00e3o precisa que seguir \u00e0 risca as metas fiscais previstas nas regras or\u00e7ament\u00e1rias de 2021. Al\u00e9m disso, o estado poder\u00e1 receber recursos da Uni\u00e3o e realizar contratos sem licita\u00e7\u00e3o.<\/p>\n\n\n\n<p><strong>Fonte: G1 PI<\/strong><\/p>\n","protected":false},"excerpt":{"rendered":"<p>O governador do Piau\u00ed Wellington Dias (PT) prorrogou o estado de calamidade p\u00fablica decretado por conta da pandemia da Covid-19 at\u00e9 o dia 31 de dezembro de 2021. O primeiro decreto foi assinado em 19 de mar\u00e7o de 2020. O documento ainda deve ser aprovado pela Assembleia Legislativa do Piau\u00ed. Segundo o decreto de prorroga\u00e7\u00e3o, [&hellip;]<\/p>\n","protected":false},"author":1,"featured_media":22478,"comment_status":"open","ping_status":"open","sticky":false,"template":"","format":"standard","meta":{"beyondwords_generate_audio":"","beyondwords_project_id":"","beyondwords_podcast_id":"","beyondwords_hash":"","beyondwords_error_message":"","beyondwords_disabled":"","publish_post_to_speechkit":"","speechkit_generate_audio":"","speechkit_project_id":"","speechkit_podcast_id":"","speechkit_hash":"","speechkit_error_message":"","speechkit_disabled":"","speechkit_access_key":"","speechkit_error":"","speechkit_info":"","speechkit_response":"","speechkit_retries":"","_speechkit_link":"","_speechkit_text":""},"categories":[51],"tags":[2254,794,815,3469,5307,44,6457,1015,6226,458,52,6313,128],"jetpack_featured_media_url":"","_links":{"self":[{"href":"https:\/\/pinews.com.br\/index.php\/wp-json\/wp\/v2\/posts\/23990"}],"collection":[{"href":"https:\/\/pinews.com.br\/index.php\/wp-json\/wp\/v2\/posts"}],"about":[{"href":"https:\/\/pinews.com.br\/index.php\/wp-json\/wp\/v2\/types\/post"}],"author":[{"embeddable":true,"href":"https:\/\/pinews.com.br\/index.php\/wp-json\/wp\/v2\/users\/1"}],"replies":[{"embeddable":true,"href":"https:\/\/pinews.com.br\/index.php\/wp-json\/wp\/v2\/comments?post=23990"}],"version-history":[{"count":0,"href":"https:\/\/pinews.com.br\/index.php\/wp-json\/wp\/v2\/posts\/23990\/revisions"}],"wp:featuredmedia":[{"embeddable":true,"href":"https:\/\/pinews.com.br\/index.php\/wp-json\/"}],"wp:attachment":[{"href":"https:\/\/pinews.com.br\/index.php\/wp-json\/wp\/v2\/media?parent=23990"}],"wp:term":[{"taxonomy":"category","embeddable":true,"href":"https:\/\/pinews.com.br\/index.php\/wp-json\/wp\/v2\/categories?post=23990"},{"taxonomy":"post_tag","embeddable":true,"href":"https:\/\/pinews.com.br\/index.php\/wp-json\/wp\/v2\/tags?post=23990"}],"curies":[{"name":"wp","href":"https:\/\/api.w.org\/{rel}","templated":true}]}}