{"id":24004,"date":"2021-07-03T11:29:23","date_gmt":"2021-07-03T14:29:23","guid":{"rendered":"https:\/\/pinews.com.br\/?p=24004"},"modified":"2021-07-03T11:29:23","modified_gmt":"2021-07-03T14:29:23","slug":"piaui-recebe-neste-sabado-89-mil-doses-de-vacinas-da-janssen-pfizer-e-aztrazeneca","status":"publish","type":"post","link":"https:\/\/pinews.com.br\/index.php\/2021\/07\/03\/piaui-recebe-neste-sabado-89-mil-doses-de-vacinas-da-janssen-pfizer-e-aztrazeneca\/","title":{"rendered":"Piau\u00ed recebe neste s\u00e1bado 89 mil doses de vacinas da Janssen, Pfizer e Aztrazeneca"},"content":{"rendered":"\n<p>O estado do Piau\u00ed recebe a segunda remessa de vacinas da Janssen. Ser\u00e3o 27.250 doses, que devem chegar no in\u00edcio da tarde deste s\u00e1bado (03), no aeroporto Petr\u00f4nio Portela. No mesmo dia tamb\u00e9m ser\u00e3o recebidas no Piau\u00ed 19.890 doses da Pfizer e 42.250 vacinas AstraZeneca, totalizando 89.300 doses somente neste s\u00e1bado.  <\/p>\n\n\n\n<p>O voo com as doses da vacina Fiocruz\/AstraZeneca est\u00e1 previsto para aterrissar \u00e0s 12h15 e o que transporta as vacinas Janssen e Pfzier tem previs\u00e3o de chegada, em Teresina, \u00e0s 15h35.<\/p>\n\n\n\n<p>Todos os munic\u00edpios do Piau\u00ed v\u00e3o receber doses da Janssen e os demais imunizante. &#8220;Mais um lote desta vacina que s\u00f3 precisa de uma dose chega ao nosso estado e nos ajuda a imunizar com mais celeridade nossas popula\u00e7\u00e3o. Pedimos aos munic\u00edpios que assim que receberem, estas doses, apliquem o mais r\u00e1pido poss\u00edvel&#8221; ressalta o secret\u00e1rio de Estado da Sa\u00fade, Florentino Neto.&nbsp;<\/p>\n\n\n\n<p>Al\u00e9m de ter se mostrado segura e eficaz e ter a aprova\u00e7\u00e3o emergencial da Ag\u00eancia Nacional de Vigil\u00e2ncia Sanit\u00e1ria (Anvisa) desde o final de mar\u00e7o, a vacina da farmac\u00eautica Jhonson &amp; Jhonson, traz uma vantagem importante: ao contr\u00e1rio dos outros imunizantes j\u00e1 em uso, ela precisa de apenas uma dose para a imuniza\u00e7\u00e3o completa.<\/p>\n\n\n\n<p>&#8220;Isso amplia o n\u00famero de pessoas que pode ser protegida e facilita todo o processo, uma vez que n\u00e3o h\u00e1 necessidade de voltar ao posto de sa\u00fade ap\u00f3s algumas semanas para completar o esquema vacinal. Por\u00e9m, aqueles que j\u00e1 tomaram as doses das outra vacinas que precisam de duas necessitam voltar aos postos de sa\u00fade nas datas estabelecidos pelos munic\u00edpios e completar seu esquema&#8221; lembra o gestor.<\/p>\n\n\n\n<p>As vacinas da Janssen e da Pfizer ser\u00e3o distribu\u00eddas de acordo com a resolu\u00e7\u00e3o da Comiss\u00e3o Intergestora Bipartite. Sendo 50% para a popula\u00e7\u00e3o em geral de 18 a 59&nbsp; anos, n\u00e3o contempladas nos demais grupos, 30% para pessoas com comorbidades, defici\u00eancia permanente, gestantes e pu\u00e9rperas com comorbidades e tamb\u00e9m para 20% dos servi\u00e7os essenciais escolhidos pelos conselhos municipais de sa\u00fade.&nbsp;<\/p>\n\n\n\n<p>J\u00e1 as doses da vacina FioCruz AstraZenca ser\u00e3o utilizadas para a segunda dose de 6% do grupo de 60 a 64 anos contemplado na pauta 16-A e para 7,3% do p\u00fablico com comorbidades e pessoas com defici\u00eancia permanente inseridas tamb\u00e9m na pauta 16-A.&nbsp;<\/p>\n\n\n\n<p>\u201c\u00c9 de suma import\u00e2ncia que a popula\u00e7\u00e3o possa completar o seu ciclo de imuniza\u00e7\u00e3o tomando a segunda dose.Por isso pedimos a voc\u00ea que na data marcada volte ao posto de vacina, ou ao local determinado pelo seu munic\u00edpio e tome o seu refor\u00e7o, s\u00f3 assim conseguimos vencer a pandemia da Covid-19\u201d, enfatiza o secret\u00e1rio de Estado da Sa\u00fade, Florentino Neto.<\/p>\n\n\n\n<p><strong>Fonte: Cidade Verde<\/strong><\/p>\n","protected":false},"excerpt":{"rendered":"<p>O estado do Piau\u00ed recebe a segunda remessa de vacinas da Janssen. Ser\u00e3o 27.250 doses, que devem chegar no in\u00edcio da tarde deste s\u00e1bado (03), no aeroporto Petr\u00f4nio Portela. No mesmo dia tamb\u00e9m ser\u00e3o recebidas no Piau\u00ed 19.890 doses da Pfizer e 42.250 vacinas AstraZeneca, totalizando 89.300 doses somente neste s\u00e1bado. O voo com as [&hellip;]<\/p>\n","protected":false},"author":1,"featured_media":24005,"comment_status":"open","ping_status":"open","sticky":false,"template":"","format":"standard","meta":{"beyondwords_generate_audio":"","beyondwords_project_id":"","beyondwords_podcast_id":"","beyondwords_hash":"","beyondwords_error_message":"","beyondwords_disabled":"","publish_post_to_speechkit":"","speechkit_generate_audio":"","speechkit_project_id":"","speechkit_podcast_id":"","speechkit_hash":"","speechkit_error_message":"","speechkit_disabled":"","speechkit_access_key":"","speechkit_error":"","speechkit_info":"","speechkit_response":"","speechkit_retries":"","_speechkit_link":"","_speechkit_text":""},"categories":[51,1288],"tags":[8407,8657,122,44,6230,8521,109,5711,8174,52,2962,2051,5440],"jetpack_featured_media_url":"","_links":{"self":[{"href":"https:\/\/pinews.com.br\/index.php\/wp-json\/wp\/v2\/posts\/24004"}],"collection":[{"href":"https:\/\/pinews.com.br\/index.php\/wp-json\/wp\/v2\/posts"}],"about":[{"href":"https:\/\/pinews.com.br\/index.php\/wp-json\/wp\/v2\/types\/post"}],"author":[{"embeddable":true,"href":"https:\/\/pinews.com.br\/index.php\/wp-json\/wp\/v2\/users\/1"}],"replies":[{"embeddable":true,"href":"https:\/\/pinews.com.br\/index.php\/wp-json\/wp\/v2\/comments?post=24004"}],"version-history":[{"count":0,"href":"https:\/\/pinews.com.br\/index.php\/wp-json\/wp\/v2\/posts\/24004\/revisions"}],"wp:featuredmedia":[{"embeddable":true,"href":"https:\/\/pinews.com.br\/index.php\/wp-json\/"}],"wp:attachment":[{"href":"https:\/\/pinews.com.br\/index.php\/wp-json\/wp\/v2\/media?parent=24004"}],"wp:term":[{"taxonomy":"category","embeddable":true,"href":"https:\/\/pinews.com.br\/index.php\/wp-json\/wp\/v2\/categories?post=24004"},{"taxonomy":"post_tag","embeddable":true,"href":"https:\/\/pinews.com.br\/index.php\/wp-json\/wp\/v2\/tags?post=24004"}],"curies":[{"name":"wp","href":"https:\/\/api.w.org\/{rel}","templated":true}]}}