{"id":24010,"date":"2021-07-03T11:36:10","date_gmt":"2021-07-03T14:36:10","guid":{"rendered":"https:\/\/pinews.com.br\/?p=24010"},"modified":"2021-07-03T11:36:10","modified_gmt":"2021-07-03T14:36:10","slug":"servidores-da-saude-vao-poder-tirar-ferias-apos-mais-de-1-ano-de-trabalho","status":"publish","type":"post","link":"https:\/\/pinews.com.br\/index.php\/2021\/07\/03\/servidores-da-saude-vao-poder-tirar-ferias-apos-mais-de-1-ano-de-trabalho\/","title":{"rendered":"Servidores da sa\u00fade v\u00e3o poder tirar f\u00e9rias ap\u00f3s mais de 1 ano de trabalho"},"content":{"rendered":"\n<p>O governo do estado planeja a autoriza\u00e7\u00e3o de f\u00e9rias para os servidores da sa\u00fade do Piau\u00ed, ap\u00f3s mais um ano de trabalho, devido a pandemia.&nbsp;<\/p>\n\n\n\n<p>O Sindicato dos Empregados em Estabelecimentos de Sa\u00fade P\u00fablica do Piau\u00ed (Sindespi) vem provocando o governo. Essa semana, representantes do Sindicato se reuniram com o secret\u00e1rio Estadual de Sa\u00fade, Florentino Neto e o governo sinalizou a possibilidade de escalas para permiss\u00e3o das f\u00e9rias.<\/p>\n\n\n\n<p>Os profissionais de sa\u00fade foram contemplados com a portaria da Secretaria de Administra\u00e7\u00e3o que determina que os servidores retornem ao trabalho presencial ap\u00f3s 21 dias que tomarem a segunda dose da vacina contra a Covid-19.&nbsp;<\/p>\n\n\n\n<p>Os servidores acima de 65 anos e os com comorbidades est\u00e3o trabalhando em home-office e com o seu retorno, o Sesapi poder\u00e1 definir os plant\u00f5es para as f\u00e9rias e n\u00e3o afetar a presta\u00e7\u00e3o dos servi\u00e7os.&nbsp;&nbsp;<\/p>\n\n\n\n<p>\u201cTemos denunciado a exaust\u00e3o dos servidores da sa\u00fade que est\u00e3o h\u00e1 mais de um ano sem direito a f\u00e9rias, sem descanso nessa luta di\u00e1ria contra a Covid-19. Nossa reuni\u00e3o com o secret\u00e1rio foi produtiva e ouvimos dele a garantia de um novo decreto permitindo as f\u00e9rias, e apresentando um calend\u00e1rio de f\u00e9rias. Isso \u00e9 fruto de uma luta incessante do Sindespi em defesa dos direitos dos nossos servidores\u201d, disse Geane Sousa, presidenta do Sindespi.&nbsp;<\/p>\n\n\n\n<p>A reuni\u00e3o com representantes da categoria e o secret\u00e1rio estadual de Sa\u00fade, Florentino Neto, ocorreu nesta quinta-feira (01). A solicita\u00e7\u00e3o do pedido f\u00e9rias foi protocolada na Secretaria de Administra\u00e7\u00e3o (Seadprev).&nbsp;<\/p>\n\n\n\n<p>O Sindespi informou que, em maio deste ano, protocolou of\u00edcio com a solicita\u00e7\u00e3o do retorno \u00e0s f\u00e9rias, ressaltando que \u201cse por um lado a situa\u00e7\u00e3o de emerg\u00eancia imp\u00f5e a necessidade de manter a rede de assist\u00eancia hospitalar em funcionamento pleno, para cuidar das pessoas afetadas, por outro lado, n\u00e3o se pode descuidar de quem cuida\u201d, diz trecho de of\u00edcio enviado pelo sindicato \u00e0 Seadprev.<\/p>\n\n\n\n<p>Em junho, o Sindespi formalizou pedido de audi\u00eancia cobrando novamente o retorno das f\u00e9rias.&nbsp;<\/p>\n\n\n\n<p>\u201cEsperamos apenas a publica\u00e7\u00e3o do decreto confirmando o retorno das f\u00e9rias e um calend\u00e1rio. Essa \u00e9 mais uma conquista que demostra a for\u00e7a da mobiliza\u00e7\u00e3o da categoria em sintonia com o sindicato, e o canal de di\u00e1logo e negocia\u00e7\u00e3o que buscamos constantemente com as institui\u00e7\u00f5es, em prol da categoria\u201d, afirmou Geane Sousa.<\/p>\n\n\n\n<p><br><strong>Fonte: Graciane Sousa e Yala Sena\/ Cidade Verde<\/strong><\/p>\n","protected":false},"excerpt":{"rendered":"<p>O governo do estado planeja a autoriza\u00e7\u00e3o de f\u00e9rias para os servidores da sa\u00fade do Piau\u00ed, ap\u00f3s mais um ano de trabalho, devido a pandemia.&nbsp; O Sindicato dos Empregados em Estabelecimentos de Sa\u00fade P\u00fablica do Piau\u00ed (Sindespi) vem provocando o governo. Essa semana, representantes do Sindicato se reuniram com o secret\u00e1rio Estadual de Sa\u00fade, Florentino [&hellip;]<\/p>\n","protected":false},"author":1,"featured_media":24011,"comment_status":"open","ping_status":"open","sticky":false,"template":"","format":"standard","meta":{"beyondwords_generate_audio":"","beyondwords_project_id":"","beyondwords_podcast_id":"","beyondwords_hash":"","beyondwords_error_message":"","beyondwords_disabled":"","publish_post_to_speechkit":"","speechkit_generate_audio":"","speechkit_project_id":"","speechkit_podcast_id":"","speechkit_hash":"","speechkit_error_message":"","speechkit_disabled":"","speechkit_access_key":"","speechkit_error":"","speechkit_info":"","speechkit_response":"","speechkit_retries":"","_speechkit_link":"","_speechkit_text":""},"categories":[51],"tags":[602,70,122,44,7129,76,778,891,5610,559,934,438],"jetpack_featured_media_url":"","_links":{"self":[{"href":"https:\/\/pinews.com.br\/index.php\/wp-json\/wp\/v2\/posts\/24010"}],"collection":[{"href":"https:\/\/pinews.com.br\/index.php\/wp-json\/wp\/v2\/posts"}],"about":[{"href":"https:\/\/pinews.com.br\/index.php\/wp-json\/wp\/v2\/types\/post"}],"author":[{"embeddable":true,"href":"https:\/\/pinews.com.br\/index.php\/wp-json\/wp\/v2\/users\/1"}],"replies":[{"embeddable":true,"href":"https:\/\/pinews.com.br\/index.php\/wp-json\/wp\/v2\/comments?post=24010"}],"version-history":[{"count":0,"href":"https:\/\/pinews.com.br\/index.php\/wp-json\/wp\/v2\/posts\/24010\/revisions"}],"wp:featuredmedia":[{"embeddable":true,"href":"https:\/\/pinews.com.br\/index.php\/wp-json\/"}],"wp:attachment":[{"href":"https:\/\/pinews.com.br\/index.php\/wp-json\/wp\/v2\/media?parent=24010"}],"wp:term":[{"taxonomy":"category","embeddable":true,"href":"https:\/\/pinews.com.br\/index.php\/wp-json\/wp\/v2\/categories?post=24010"},{"taxonomy":"post_tag","embeddable":true,"href":"https:\/\/pinews.com.br\/index.php\/wp-json\/wp\/v2\/tags?post=24010"}],"curies":[{"name":"wp","href":"https:\/\/api.w.org\/{rel}","templated":true}]}}