{"id":24018,"date":"2021-07-03T18:33:01","date_gmt":"2021-07-03T21:33:01","guid":{"rendered":"https:\/\/pinews.com.br\/?p=24018"},"modified":"2021-07-03T18:33:01","modified_gmt":"2021-07-03T21:33:01","slug":"ifpi-abre-inscricoes-com-mais-de-700-vagas-em-cursos-tecnicos","status":"publish","type":"post","link":"https:\/\/pinews.com.br\/index.php\/2021\/07\/03\/ifpi-abre-inscricoes-com-mais-de-700-vagas-em-cursos-tecnicos\/","title":{"rendered":"IFPI abre inscri\u00e7\u00f5es com mais de 700 vagas em cursos t\u00e9cnicos"},"content":{"rendered":"\n<p>O Instituto Federal do Piau\u00ed (IFPI) abriu inscri\u00e7\u00f5es para cursos t\u00e9cnicos nos campi Angical, Campo Maior Floriano e Teresina. Ao todo foram disbonilizadas 760 vagas. As inscri\u00e7\u00f5es tiveram in\u00edcio neste s\u00e1bado (03) e seguem at\u00e9 o dia 23, exclusivamente pela internet, no endere\u00e7o eletr\u00f4nico&nbsp;<a href=\"https:\/\/selecao.ifpi.edu.br\/\">selecao.ifpi.edu.br.<\/a><\/p>\n\n\n\n<p>Podem se inscrever, estudantes que est\u00e3o cursando a 1\u00aa, 2\u00aa ou 3\u00aa s\u00e9ries do Ensino M\u00e9dio (forma concomitante) e para quem tiver conclu\u00eddo o Ensino M\u00e9dio at\u00e9 a data da matr\u00edcula (forma subsequente).<\/p>\n\n\n\n<p>H\u00e1 vagas para os cursos de Alimentos, Desenvolvimento de Sistemas, Log\u00edstica, Eletromec\u00e2nica, Eletrot\u00e9cnica, Eletr\u00f4nica, Refrigera\u00e7\u00e3o, Mec\u00e2nica, Seguran\u00e7a do Trabalho, Administra\u00e7\u00e3o, Contabilidade, Servi\u00e7os Jur\u00eddicos, An\u00e1lises Cl\u00ednicas e Cuidados de Idosos. Em cada curso, por turno, metade das vagas ser\u00e1 destinada aos candidatos da rede p\u00fablica de ensino.<\/p>\n\n\n\n<p>Obrigatoriamente, os candidatos autodeclarados pretos, pardos ou ind\u00edgenas passar\u00e3o por um procedimento de heteroidentifica\u00e7\u00e3o que consiste em uma an\u00e1lise a ser realizada pela Comiss\u00e3o de Valida\u00e7\u00e3o de Autodeclara\u00e7\u00e3o \u00c9tnico-racial.<\/p>\n\n\n\n<p>A sele\u00e7\u00e3o dos candidatos ser\u00e1 feita pelo rendimento escolar nas disciplinas de L\u00edngua Portuguesa e de Matem\u00e1tica. Na forma Concomitante, o candidato dever\u00e1 inserir, no ato da inscri\u00e7\u00e3o, a m\u00e9dia final de L\u00edngua Portuguesa e de Matem\u00e1tica, obtida no 9\u00ba ano, antiga 8\u00aa s\u00e9rie ou equivalentes. J\u00e1 na forma Subsequente, o candidato dever\u00e1 inserir a m\u00e9dia final de L\u00edngua Portuguesa e de Matem\u00e1tica, obtida no 3\u00ba ano do Ensino M\u00e9dio ou equivalentes<\/p>\n\n\n\n<p>Ser\u00e1 necess\u00e1rio, ainda, anexar uma declara\u00e7\u00e3o de que as m\u00e9dias das notas inseridas no sistema de inscri\u00e7\u00e3o est\u00e3o de acordo com o boletim escolar ou hist\u00f3rico escolar simples ou declara\u00e7\u00e3o com m\u00e9dias emitidos pela escola.&nbsp;<\/p>\n\n\n\n<p>O resultado final do Exame Classificat\u00f3rio ser\u00e1 divulgado no dia 30 de julho.<\/p>\n\n\n\n<p><strong>Fonte: Cidade Verde<\/strong><\/p>\n","protected":false},"excerpt":{"rendered":"<p>O Instituto Federal do Piau\u00ed (IFPI) abriu inscri\u00e7\u00f5es para cursos t\u00e9cnicos nos campi Angical, Campo Maior Floriano e Teresina. Ao todo foram disbonilizadas 760 vagas. As inscri\u00e7\u00f5es tiveram in\u00edcio neste s\u00e1bado (03) e seguem at\u00e9 o dia 23, exclusivamente pela internet, no endere\u00e7o eletr\u00f4nico&nbsp;selecao.ifpi.edu.br. Podem se inscrever, estudantes que est\u00e3o cursando a 1\u00aa, 2\u00aa ou [&hellip;]<\/p>\n","protected":false},"author":1,"featured_media":24019,"comment_status":"open","ping_status":"open","sticky":false,"template":"","format":"standard","meta":{"beyondwords_generate_audio":"","beyondwords_project_id":"","beyondwords_podcast_id":"","beyondwords_hash":"","beyondwords_error_message":"","beyondwords_disabled":"","publish_post_to_speechkit":"","speechkit_generate_audio":"","speechkit_project_id":"","speechkit_podcast_id":"","speechkit_hash":"","speechkit_error_message":"","speechkit_disabled":"","speechkit_access_key":"","speechkit_error":"","speechkit_info":"","speechkit_response":"","speechkit_retries":"","_speechkit_link":"","_speechkit_text":""},"categories":[51],"tags":[6513,412,2146,44,46,7405,1186,76,8658,6012],"jetpack_featured_media_url":"","_links":{"self":[{"href":"https:\/\/pinews.com.br\/index.php\/wp-json\/wp\/v2\/posts\/24018"}],"collection":[{"href":"https:\/\/pinews.com.br\/index.php\/wp-json\/wp\/v2\/posts"}],"about":[{"href":"https:\/\/pinews.com.br\/index.php\/wp-json\/wp\/v2\/types\/post"}],"author":[{"embeddable":true,"href":"https:\/\/pinews.com.br\/index.php\/wp-json\/wp\/v2\/users\/1"}],"replies":[{"embeddable":true,"href":"https:\/\/pinews.com.br\/index.php\/wp-json\/wp\/v2\/comments?post=24018"}],"version-history":[{"count":0,"href":"https:\/\/pinews.com.br\/index.php\/wp-json\/wp\/v2\/posts\/24018\/revisions"}],"wp:featuredmedia":[{"embeddable":true,"href":"https:\/\/pinews.com.br\/index.php\/wp-json\/"}],"wp:attachment":[{"href":"https:\/\/pinews.com.br\/index.php\/wp-json\/wp\/v2\/media?parent=24018"}],"wp:term":[{"taxonomy":"category","embeddable":true,"href":"https:\/\/pinews.com.br\/index.php\/wp-json\/wp\/v2\/categories?post=24018"},{"taxonomy":"post_tag","embeddable":true,"href":"https:\/\/pinews.com.br\/index.php\/wp-json\/wp\/v2\/tags?post=24018"}],"curies":[{"name":"wp","href":"https:\/\/api.w.org\/{rel}","templated":true}]}}