{"id":24023,"date":"2021-07-03T18:37:45","date_gmt":"2021-07-03T21:37:45","guid":{"rendered":"https:\/\/pinews.com.br\/?p=24023"},"modified":"2021-07-03T18:37:45","modified_gmt":"2021-07-03T21:37:45","slug":"mulher-e-crianca-sao-vitimas-de-bala-perdida-no-interior-do-piaui","status":"publish","type":"post","link":"https:\/\/pinews.com.br\/index.php\/2021\/07\/03\/mulher-e-crianca-sao-vitimas-de-bala-perdida-no-interior-do-piaui\/","title":{"rendered":"Mulher e crian\u00e7a s\u00e3o v\u00edtimas de bala perdida no interior do Piau\u00ed"},"content":{"rendered":"\n<p>Uma mulher de 33 anos e uma crian\u00e7a de sete anos foram v\u00edtimas de bala perdida na cidade de Piripiri, ao Norte do Piau\u00ed. Segundo o major Jairo Oliveira, comandante da Pol\u00edcia Militar na cidade, eles sa\u00edram correndo em via p\u00fablica durante tentativa de um homic\u00eddio a um vizinho que seria o alvo dos criminosos e tamb\u00e9m ficou ferido.&nbsp;<\/p>\n\n\n\n<p>&#8220;Foram matar um homem e j\u00e1 chegaram atirando em via p\u00fablica. Esse homem, que era o alvo, saiu correndo e as pessoas que estavam pr\u00f3ximas tamb\u00e9m. Os bandidos sa\u00edram atr\u00e1s efetuando v\u00e1rios tiros que atingiram uma mulher e uma crian\u00e7a&#8221;, explica o major.&nbsp;<\/p>\n\n\n\n<p>A mulher foi alvejada na perna. J\u00e1 a crian\u00e7a- que n\u00e3o tem parentesco com as demais v\u00edtimas- foi atingida no gl\u00fateo. O alvo dos criminosos levou tiros nas costas e nas pernas. &#8220;Os tr\u00eas foram socorridos e estavam conscientes&#8221;, reitera o comandante da PM.&nbsp;<\/p>\n\n\n\n<p>O crime ocorreu na noite desta sexta-feira (02). A PM fez digil\u00eancias na \u00e1rea e conseguiu prender dois dos suspeitos com uma arma. O major explica que o alvo dos criminosos n\u00e3o tem antecedentes criminais. O caso ser\u00e1 investigado pela Pol\u00edcia Civil do Piau\u00ed.&nbsp;<\/p>\n\n\n\n<p><strong>Fonte: Graciane Sousa\/ Cidade Verde<\/strong><\/p>\n","protected":false},"excerpt":{"rendered":"<p>Uma mulher de 33 anos e uma crian\u00e7a de sete anos foram v\u00edtimas de bala perdida na cidade de Piripiri, ao Norte do Piau\u00ed. Segundo o major Jairo Oliveira, comandante da Pol\u00edcia Militar na cidade, eles sa\u00edram correndo em via p\u00fablica durante tentativa de um homic\u00eddio a um vizinho que seria o alvo dos criminosos [&hellip;]<\/p>\n","protected":false},"author":1,"featured_media":24024,"comment_status":"open","ping_status":"open","sticky":false,"template":"","format":"standard","meta":{"beyondwords_generate_audio":"","beyondwords_project_id":"","beyondwords_podcast_id":"","beyondwords_hash":"","beyondwords_error_message":"","beyondwords_disabled":"","publish_post_to_speechkit":"","speechkit_generate_audio":"","speechkit_project_id":"","speechkit_podcast_id":"","speechkit_hash":"","speechkit_error_message":"","speechkit_disabled":"","speechkit_access_key":"","speechkit_error":"","speechkit_info":"","speechkit_response":"","speechkit_retries":"","_speechkit_link":"","_speechkit_text":""},"categories":[51,78],"tags":[5960,221,44,716,135,7711,52,362,240],"jetpack_featured_media_url":"","_links":{"self":[{"href":"https:\/\/pinews.com.br\/index.php\/wp-json\/wp\/v2\/posts\/24023"}],"collection":[{"href":"https:\/\/pinews.com.br\/index.php\/wp-json\/wp\/v2\/posts"}],"about":[{"href":"https:\/\/pinews.com.br\/index.php\/wp-json\/wp\/v2\/types\/post"}],"author":[{"embeddable":true,"href":"https:\/\/pinews.com.br\/index.php\/wp-json\/wp\/v2\/users\/1"}],"replies":[{"embeddable":true,"href":"https:\/\/pinews.com.br\/index.php\/wp-json\/wp\/v2\/comments?post=24023"}],"version-history":[{"count":0,"href":"https:\/\/pinews.com.br\/index.php\/wp-json\/wp\/v2\/posts\/24023\/revisions"}],"wp:featuredmedia":[{"embeddable":true,"href":"https:\/\/pinews.com.br\/index.php\/wp-json\/"}],"wp:attachment":[{"href":"https:\/\/pinews.com.br\/index.php\/wp-json\/wp\/v2\/media?parent=24023"}],"wp:term":[{"taxonomy":"category","embeddable":true,"href":"https:\/\/pinews.com.br\/index.php\/wp-json\/wp\/v2\/categories?post=24023"},{"taxonomy":"post_tag","embeddable":true,"href":"https:\/\/pinews.com.br\/index.php\/wp-json\/wp\/v2\/tags?post=24023"}],"curies":[{"name":"wp","href":"https:\/\/api.w.org\/{rel}","templated":true}]}}