{"id":24059,"date":"2021-07-05T10:50:07","date_gmt":"2021-07-05T13:50:07","guid":{"rendered":"https:\/\/pinews.com.br\/?p=24059"},"modified":"2021-07-05T10:50:07","modified_gmt":"2021-07-05T13:50:07","slug":"ministerio-da-saude-amplia-vacinacao-contra-a-gripe-para-toda-populacao","status":"publish","type":"post","link":"https:\/\/pinews.com.br\/index.php\/2021\/07\/05\/ministerio-da-saude-amplia-vacinacao-contra-a-gripe-para-toda-populacao\/","title":{"rendered":"Minist\u00e9rio da Sa\u00fade amplia vacina\u00e7\u00e3o contra a gripe para toda popula\u00e7\u00e3o"},"content":{"rendered":"\n<p>Toda a popula\u00e7\u00e3o acima de seis meses de idade pode tomar a vacina contra a Influenza (gripe). O an\u00fancio foi feito pelo Minist\u00e9rio da Sa\u00fade que ampliou a imuniza\u00e7\u00e3o no \u00faltimo s\u00e1bado (03). A programa\u00e7\u00e3o para aplica\u00e7\u00e3o, no entanto, fica a cargo de cada munic\u00edpio que, segundo a pasta, j\u00e1 foi comunicado da \u201clibera\u00e7\u00e3o\u201d.<\/p>\n\n\n\n<p>Desde abril, apenas grupos priorit\u00e1rios estavam sendo imunizados, mas at\u00e9 o momento, s\u00f3 42% da meta nacional foi atingida.<\/p>\n\n\n\n<p>De acordo com o minist\u00e9rio, a campanha de vacina\u00e7\u00e3o contra a gripe conta com 80 milh\u00f5es de doses de vacinas, que j\u00e1 foram distribu\u00eddas. Cerca de 79 milh\u00f5es de brasileiros fazem parte do p\u00fablico alvo, que foi contemplado em tr\u00eas etapas. At\u00e9 agora, 34,2 milh\u00f5es de pessoas est\u00e3o imunizadas.<\/p>\n\n\n\n<p>&#8220;Campanhas de imuniza\u00e7\u00e3o s\u00e3o prioridade do Minist\u00e9rio da Sa\u00fade e resolvemos ampliar a vacina\u00e7\u00e3o contra a Influenza para todos os grupos. O nosso objetivo \u00e9 reduzir os casos graves de gripe que tamb\u00e9m pressionam o nosso sistema de sa\u00fade&#8221;, afirmou o ministro da Sa\u00fade, Marcelo Queiroga.<\/p>\n\n\n\n<p>A Secretaria de Sa\u00fade do Piau\u00ed (Sesapi) ainda estuda a log\u00edstica de libera\u00e7\u00e3o das doses no Piau\u00ed, para emitir a notifica\u00e7\u00e3o aos munic\u00edpios. At\u00e9 a semana passada, apenas 50% do p\u00fablico alvo no Piau\u00ed tinha ido aos postos para imuniza\u00e7\u00e3o.<\/p>\n\n\n\n<p>A Funda\u00e7\u00e3o Municipal de Sa\u00fade (FMS) disse que n\u00e3o foi notificada da decis\u00e3o e que as doses continuam sendo aplicadas no p\u00fablico-alvo.&nbsp;<\/p>\n\n\n\n<p><strong>VACINA INFLUENZA x COVID-19<\/strong><\/p>\n\n\n\n<p>Como duas campanhas de vacina\u00e7\u00e3o da gripe e da Covid-19 est\u00e3o acontecendo ao mesmo tempo, a orienta\u00e7\u00e3o do Minist\u00e9rio da Sa\u00fade \u00e9 para que a vacina\u00e7\u00e3o contra a Covid-19 seja priorizada nos grupos priorit\u00e1rios.<\/p>\n\n\n\n<p>Assim, a popula\u00e7\u00e3o-alvo da vacina\u00e7\u00e3o contra gripe e que ainda n\u00e3o recebeu doses contra a Covid-19, deve receber antes a vacina Covid-19 e fazer o agendamento da aplica\u00e7\u00e3o da vacina influenza, respeitando um intervalo m\u00ednimo de 14 dias entre elas.<\/p>\n\n\n\n<p><em>Aguarde mais informa\u00e7\u00f5es<\/em><\/p>\n\n\n\n<p><strong>Fonte: Caroline Oliveira\/ Cidade Verde\/<br>Com informa\u00e7\u00f5es do Minist\u00e9rio da Sa\u00fade<\/strong><\/p>\n","protected":false},"excerpt":{"rendered":"<p>Toda a popula\u00e7\u00e3o acima de seis meses de idade pode tomar a vacina contra a Influenza (gripe). O an\u00fancio foi feito pelo Minist\u00e9rio da Sa\u00fade que ampliou a imuniza\u00e7\u00e3o no \u00faltimo s\u00e1bado (03). A programa\u00e7\u00e3o para aplica\u00e7\u00e3o, no entanto, fica a cargo de cada munic\u00edpio que, segundo a pasta, j\u00e1 foi comunicado da \u201clibera\u00e7\u00e3o\u201d. Desde [&hellip;]<\/p>\n","protected":false},"author":1,"featured_media":24060,"comment_status":"open","ping_status":"open","sticky":false,"template":"","format":"standard","meta":{"beyondwords_generate_audio":"","beyondwords_project_id":"","beyondwords_podcast_id":"","beyondwords_hash":"","beyondwords_error_message":"","beyondwords_disabled":"","publish_post_to_speechkit":"","speechkit_generate_audio":"","speechkit_project_id":"","speechkit_podcast_id":"","speechkit_hash":"","speechkit_error_message":"","speechkit_disabled":"","speechkit_access_key":"","speechkit_error":"","speechkit_info":"","speechkit_response":"","speechkit_retries":"","_speechkit_link":"","_speechkit_text":""},"categories":[134,51,1288],"tags":[7100,294,122,3099,2649,350,1914,891,6213,347],"jetpack_featured_media_url":"","_links":{"self":[{"href":"https:\/\/pinews.com.br\/index.php\/wp-json\/wp\/v2\/posts\/24059"}],"collection":[{"href":"https:\/\/pinews.com.br\/index.php\/wp-json\/wp\/v2\/posts"}],"about":[{"href":"https:\/\/pinews.com.br\/index.php\/wp-json\/wp\/v2\/types\/post"}],"author":[{"embeddable":true,"href":"https:\/\/pinews.com.br\/index.php\/wp-json\/wp\/v2\/users\/1"}],"replies":[{"embeddable":true,"href":"https:\/\/pinews.com.br\/index.php\/wp-json\/wp\/v2\/comments?post=24059"}],"version-history":[{"count":0,"href":"https:\/\/pinews.com.br\/index.php\/wp-json\/wp\/v2\/posts\/24059\/revisions"}],"wp:featuredmedia":[{"embeddable":true,"href":"https:\/\/pinews.com.br\/index.php\/wp-json\/"}],"wp:attachment":[{"href":"https:\/\/pinews.com.br\/index.php\/wp-json\/wp\/v2\/media?parent=24059"}],"wp:term":[{"taxonomy":"category","embeddable":true,"href":"https:\/\/pinews.com.br\/index.php\/wp-json\/wp\/v2\/categories?post=24059"},{"taxonomy":"post_tag","embeddable":true,"href":"https:\/\/pinews.com.br\/index.php\/wp-json\/wp\/v2\/tags?post=24059"}],"curies":[{"name":"wp","href":"https:\/\/api.w.org\/{rel}","templated":true}]}}