{"id":24098,"date":"2021-07-06T10:24:47","date_gmt":"2021-07-06T13:24:47","guid":{"rendered":"https:\/\/pinews.com.br\/?p=24098"},"modified":"2021-07-06T10:24:47","modified_gmt":"2021-07-06T13:24:47","slug":"cantor-sertanejo-kleber-da-dupla-com-kaue-morre-de-covid-19","status":"publish","type":"post","link":"https:\/\/pinews.com.br\/index.php\/2021\/07\/06\/cantor-sertanejo-kleber-da-dupla-com-kaue-morre-de-covid-19\/","title":{"rendered":"Cantor sertanejo Kleber, da dupla com Kaue, morre de Covid-19"},"content":{"rendered":"\n<p>O cantor sertanejo Kleber Oliveira, da dupla Kleber e Kaue, morreu nesta segunda-feira (5), no Hospital Estadual de Am\u00e9rico Brasiliense (HEAB), onde estava internado com Covid-19. Ele estava intubado desde maio.<\/p>\n\n\n\n<p>Kleber, tamb\u00e9m conhecido como Klebinho, tinha 37 anos e era de Araraquara (SP). Desde 2011 fazia dupla com o cantor Kaue Tamburus, de Ribeir\u00e3o Preto.<\/p>\n\n\n\n<p>Ele deixa esposa e filha. Seu corpo ser\u00e1 velado e enterrado em Araraquara nesta ter\u00e7a (6).<\/p>\n\n\n\n<p>Entre os sucessos da dupla est\u00e3o as m\u00fasicas &#8216;T\u00f4 Vendo que Voc\u00ea T\u00e1 Bem&#8217;, &#8216;Trof\u00e9u Solid\u00e3o&#8217;, &#8216;Ela n\u00e3o \u00e9 Voc\u00ea&#8217; e &#8216;Garrafa Vazia&#8217;.<\/p>\n\n\n\n<p>A empresa respons\u00e1vel pelo direcionamento e estrat\u00e9gia de marketing da dupla lamentou a morte em postagem no Facebook. <\/p>\n\n\n\n<h2>Como\u00e7\u00e3o nas redes sociais<\/h2>\n\n\n\n<p>No Facebook, f\u00e3s e amigos lamentaram a morte do sertanejo em diversas postagens.<\/p>\n\n\n\n<p>&#8220;Que not\u00edcia triste meu amigo, nos deixou foi um guerreiro lutou at\u00e9 final. Meu Deus que tristeza, for\u00e7as minha amiga Vanda Rios e Dudinha, que Deus conforte o cora\u00e7\u00e3o de todos fam\u00edliares, meus sentimentos. ##Luto por um grande amigo Kleber Oliveira descanse em paz guerreiro&#8221;, postou um amigo.<\/p>\n\n\n\n<p>&#8220;At\u00e9 agora n\u00e3o estou acreditando. Cheio de vida, muitos sonhos, batalhador. Irm\u00e3o vai com Deus. Que Deus conforte a toda fam\u00edlia&#8221;, escreveu outro amigo de Kleber.<\/p>\n\n\n\n<h2>Covid-19 em Araraquara<\/h2>\n\n\n\n<p>Araraquara somava 525 mortes por Covid e 26.112 casos da doen\u00e7a at\u00e9 esta segunda-feira (5). A taxa de ocupa\u00e7\u00e3o de enfermaria est\u00e1 em 55% (8 pontos percentuais a mais que domingo), enquanto a Unidade de Terapia Intensiva (UTI) tem 78% dos leitos ocupados (2 pontos percentuais a menos que domingo), contando com os servi\u00e7os hospitalares p\u00fablicos e privados.<\/p>\n\n\n\n<p>Em fevereiro, a cidade de 238 mil habitantes foi o primeira do pa\u00eds a ter 10 dias de confinamento para conter a doen\u00e7a. Os n\u00fameros de interna\u00e7\u00f5es, casos e mortes ca\u00edram ap\u00f3s as medidas mais restritivas mas, entre maio e junho voltaram a crescer e a cidade precisou fazer um novo lockdown de 7 dias.<\/p>\n\n\n\n<p><strong>Fonte: G1 <\/strong><\/p>\n","protected":false},"excerpt":{"rendered":"<p>O cantor sertanejo Kleber Oliveira, da dupla Kleber e Kaue, morreu nesta segunda-feira (5), no Hospital Estadual de Am\u00e9rico Brasiliense (HEAB), onde estava internado com Covid-19. Ele estava intubado desde maio. Kleber, tamb\u00e9m conhecido como Klebinho, tinha 37 anos e era de Araraquara (SP). Desde 2011 fazia dupla com o cantor Kaue Tamburus, de Ribeir\u00e3o [&hellip;]<\/p>\n","protected":false},"author":1,"featured_media":24099,"comment_status":"open","ping_status":"open","sticky":false,"template":"","format":"standard","meta":{"beyondwords_generate_audio":"","beyondwords_project_id":"","beyondwords_podcast_id":"","beyondwords_hash":"","beyondwords_error_message":"","beyondwords_disabled":"","publish_post_to_speechkit":"","speechkit_generate_audio":"","speechkit_project_id":"","speechkit_podcast_id":"","speechkit_hash":"","speechkit_error_message":"","speechkit_disabled":"","speechkit_access_key":"","speechkit_error":"","speechkit_info":"","speechkit_response":"","speechkit_retries":"","_speechkit_link":"","_speechkit_text":""},"categories":[134],"tags":[1192,5307,122,44,1609,8668,8669,119,8670],"jetpack_featured_media_url":"","_links":{"self":[{"href":"https:\/\/pinews.com.br\/index.php\/wp-json\/wp\/v2\/posts\/24098"}],"collection":[{"href":"https:\/\/pinews.com.br\/index.php\/wp-json\/wp\/v2\/posts"}],"about":[{"href":"https:\/\/pinews.com.br\/index.php\/wp-json\/wp\/v2\/types\/post"}],"author":[{"embeddable":true,"href":"https:\/\/pinews.com.br\/index.php\/wp-json\/wp\/v2\/users\/1"}],"replies":[{"embeddable":true,"href":"https:\/\/pinews.com.br\/index.php\/wp-json\/wp\/v2\/comments?post=24098"}],"version-history":[{"count":0,"href":"https:\/\/pinews.com.br\/index.php\/wp-json\/wp\/v2\/posts\/24098\/revisions"}],"wp:featuredmedia":[{"embeddable":true,"href":"https:\/\/pinews.com.br\/index.php\/wp-json\/"}],"wp:attachment":[{"href":"https:\/\/pinews.com.br\/index.php\/wp-json\/wp\/v2\/media?parent=24098"}],"wp:term":[{"taxonomy":"category","embeddable":true,"href":"https:\/\/pinews.com.br\/index.php\/wp-json\/wp\/v2\/categories?post=24098"},{"taxonomy":"post_tag","embeddable":true,"href":"https:\/\/pinews.com.br\/index.php\/wp-json\/wp\/v2\/tags?post=24098"}],"curies":[{"name":"wp","href":"https:\/\/api.w.org\/{rel}","templated":true}]}}