{"id":24112,"date":"2021-07-06T18:40:35","date_gmt":"2021-07-06T21:40:35","guid":{"rendered":"https:\/\/pinews.com.br\/?p=24112"},"modified":"2021-07-06T18:40:35","modified_gmt":"2021-07-06T21:40:35","slug":"aprovado-projeto-de-lei-que-institui-piso-salarial-de-r-73-mil-para-profissionais-de-enfermagem-no-piaui","status":"publish","type":"post","link":"https:\/\/pinews.com.br\/index.php\/2021\/07\/06\/aprovado-projeto-de-lei-que-institui-piso-salarial-de-r-73-mil-para-profissionais-de-enfermagem-no-piaui\/","title":{"rendered":"Aprovado projeto de lei que institui piso salarial de R$ 7,3 mil para profissionais de enfermagem no Piau\u00ed"},"content":{"rendered":"\n<p>Os deputados estaduais aprovaram nesta ter\u00e7a-feira (6), na Assembleia Legislativa do Piau\u00ed (Alepi), o projeto de lei que estabelece o piso salarial m\u00ednimo para os profissionais de enfermagem no valor de R$ 7.315 mil.<\/p>\n\n\n\n<p>A proposi\u00e7\u00e3o foi apresentada pelo deputado estadual Marden Menezes (PSDB). O projeto estabelece o piso m\u00ednimo mensal de R$ 7.315 mil para profissionais graduados em enfermagem, que atuam em institui\u00e7\u00f5es de sa\u00fade p\u00fablicas e privadas no estado do Piau\u00ed, com jornada de trabalho de 30h semanais.<\/p>\n\n\n\n<p>Para as jornadas superiores a 30h semanais, o piso salarial ter\u00e1 a correspond\u00eancia proporcional.<\/p>\n\n\n\n<p>Com base no valor m\u00ednimo que foi estabelecido para o piso do enfermeiro, quem \u00e9 t\u00e9cnico de enfermagem fica com 70% desse valor, ou seja, R$ 5.120 mil. Para quem atua como auxiliar de enfermagem ou parteira, \u00e9 de 50%, ou seja, R$ 3.657 mil.<\/p>\n\n\n\n<p>Em sua justificativa para a aprova\u00e7\u00e3o do projeto, o deputado Marden Menezes afirmou que os profissionais atuam em um \u00e1rea essencial, mas que n\u00e3o recebem renumera\u00e7\u00f5es dignas.<\/p>\n\n\n\n<p>\u201cA fixa\u00e7\u00e3o do piso salarial aos profissionais da enfermagem e das atividades auxiliares \u00e9 um reparo imprescind\u00edvel a ser feito. \u00c9 preciso lembrar que entre as carreiras da sa\u00fade a disparidade salarial \u00e9 evidente e marcante. Enquanto o mundo enfrenta o maior desafio sanit\u00e1rio do s\u00e9culo, a desvaloriza\u00e7\u00e3o salarial dos profissionais da sa\u00fade ficou ainda mais expl\u00edcito pelo enorme papel que eles exercem, apesar dos baixos sal\u00e1rios\u201d, afirmou Marden Menezes em sua justificativa.<\/p>\n\n\n\n<p>O projeto de lei ser\u00e1 encaminhado para o governador Wellington Dias (PT) que ir\u00e1 decidir pela san\u00e7\u00e3o ou n\u00e3o.<\/p>\n\n\n\n<h2>Manifesta\u00e7\u00e3o por piso nacional<\/h2>\n\n\n\n<p>No dia 30 de junho, enfermeiros, t\u00e9cnicos e auxiliares de enfermagem realizaram uma manifesta\u00e7\u00e3o em Teresina, para pedir a aprova\u00e7\u00e3o do Projeto de Lei 2.564, de 2020, que institui o piso salarial nacional e estabelece carga hor\u00e1ria de 30 horas semanais para a categoria. A proposta tramita no Senado Federal e prev\u00ea piso salarial de R$ 7.315 para enfermeiros, R$ 5.120 para t\u00e9cnicos e R$ 3.657 para auxiliares.<\/p>\n\n\n\n<figure class=\"wp-block-image\"><img decoding=\"async\" src=\"https:\/\/s2.glbimg.com\/8hU6-CzoxJVexvIF5X6NU3BJUW8=\/0x0:1280x958\/984x0\/smart\/filters:strip_icc()\/i.s3.glbimg.com\/v1\/AUTH_59edd422c0c84a879bd37670ae4f538a\/internal_photos\/bs\/2021\/n\/x\/XVepOcQaiCyjlNUawpIg\/whatsapp-image-2021-06-30-at-08.31.31.jpeg\" alt=\"Profissionais da Enfermagem participam de mobiliza\u00e7\u00e3o nacional em favor de PL no Piau\u00ed \u2014 Foto: G1 Piau\u00ed\"\/><figcaption>Profissionais da Enfermagem participam de mobiliza\u00e7\u00e3o nacional em favor de PL no Piau\u00ed \u2014 Foto: G1 Piau\u00ed<\/figcaption><\/figure>\n\n\n\n<p>Os protestos da categoria aconteceram em diversas capitais do Brasil. Em Teresina, manifestantes se reuniram em frente \u00e0 Assembleia Legislativa do Piau\u00ed (Alepi), de onde sa\u00edram em carreata pela Avenida Frei Serafim, com faixas e cartazes pedindo que parlamentares piauienses votem a favor do projeto.<\/p>\n\n\n\n<p>De acordo com o presidente do Sindicato dos Enfermeiros, T\u00e9cnicos e Auxiliares da Enfermagem do Piau\u00ed (Senatepi), Erick Riccely, a categoria tem enfrentado dificuldades com a falta de regulamenta\u00e7\u00e3o da jornada de trabalho e baixos sal\u00e1rios.<\/p>\n\n\n\n<p><strong>Fonte: G1 PI<\/strong><\/p>\n","protected":false},"excerpt":{"rendered":"<p>Os deputados estaduais aprovaram nesta ter\u00e7a-feira (6), na Assembleia Legislativa do Piau\u00ed (Alepi), o projeto de lei que estabelece o piso salarial m\u00ednimo para os profissionais de enfermagem no valor de R$ 7.315 mil. A proposi\u00e7\u00e3o foi apresentada pelo deputado estadual Marden Menezes (PSDB). O projeto estabelece o piso m\u00ednimo mensal de R$ 7.315 mil [&hellip;]<\/p>\n","protected":false},"author":1,"featured_media":24113,"comment_status":"open","ping_status":"open","sticky":false,"template":"","format":"standard","meta":{"beyondwords_generate_audio":"","beyondwords_project_id":"","beyondwords_podcast_id":"","beyondwords_hash":"","beyondwords_error_message":"","beyondwords_disabled":"","publish_post_to_speechkit":"","speechkit_generate_audio":"","speechkit_project_id":"","speechkit_podcast_id":"","speechkit_hash":"","speechkit_error_message":"","speechkit_disabled":"","speechkit_access_key":"","speechkit_error":"","speechkit_info":"","speechkit_response":"","speechkit_retries":"","_speechkit_link":"","_speechkit_text":""},"categories":[516,51],"tags":[141,2072,44,722,8267,692,109,350,52,8673,6733,1030,3086],"jetpack_featured_media_url":"","_links":{"self":[{"href":"https:\/\/pinews.com.br\/index.php\/wp-json\/wp\/v2\/posts\/24112"}],"collection":[{"href":"https:\/\/pinews.com.br\/index.php\/wp-json\/wp\/v2\/posts"}],"about":[{"href":"https:\/\/pinews.com.br\/index.php\/wp-json\/wp\/v2\/types\/post"}],"author":[{"embeddable":true,"href":"https:\/\/pinews.com.br\/index.php\/wp-json\/wp\/v2\/users\/1"}],"replies":[{"embeddable":true,"href":"https:\/\/pinews.com.br\/index.php\/wp-json\/wp\/v2\/comments?post=24112"}],"version-history":[{"count":0,"href":"https:\/\/pinews.com.br\/index.php\/wp-json\/wp\/v2\/posts\/24112\/revisions"}],"wp:featuredmedia":[{"embeddable":true,"href":"https:\/\/pinews.com.br\/index.php\/wp-json\/"}],"wp:attachment":[{"href":"https:\/\/pinews.com.br\/index.php\/wp-json\/wp\/v2\/media?parent=24112"}],"wp:term":[{"taxonomy":"category","embeddable":true,"href":"https:\/\/pinews.com.br\/index.php\/wp-json\/wp\/v2\/categories?post=24112"},{"taxonomy":"post_tag","embeddable":true,"href":"https:\/\/pinews.com.br\/index.php\/wp-json\/wp\/v2\/tags?post=24112"}],"curies":[{"name":"wp","href":"https:\/\/api.w.org\/{rel}","templated":true}]}}