{"id":24222,"date":"2021-07-09T18:40:14","date_gmt":"2021-07-09T21:40:14","guid":{"rendered":"https:\/\/pinews.com.br\/?p=24222"},"modified":"2021-07-09T18:40:14","modified_gmt":"2021-07-09T21:40:14","slug":"missa-de-30-dias-de-falecimento-da-professora-marcia-martina-leal-sera-celebrada-nesse-sabado-10-em-padre-marcos","status":"publish","type":"post","link":"https:\/\/pinews.com.br\/index.php\/2021\/07\/09\/missa-de-30-dias-de-falecimento-da-professora-marcia-martina-leal-sera-celebrada-nesse-sabado-10-em-padre-marcos\/","title":{"rendered":"Missa de 30 dias de falecimento da professora M\u00e1rcia Martina Leal  ser\u00e1 celebrada nesse s\u00e1bado (10) em Padre Marcos"},"content":{"rendered":"\n<p>Ap\u00f3s 30 dias do falecimento da professora M\u00e1rcia Martina Leal, que faleceu aos 51 anos de idade, v\u00edtima de c\u00e2ncer, que deixou em luto toda a cidade de Padre Marcos, no dia 10 de junho com a not\u00edcia. <\/p>\n\n\n\n<p>Onde assim, sua fam\u00edlia convida-lhe para a missa de 30 dias de seu falecimento, que ser\u00e1 celebrada nesse s\u00e1bado 10 de julho as 16h:00, na Igreja Matriz de Santo Ant\u00f4nio.<\/p>\n\n\n\n<p>M\u00e1rcia Martina Leal, atuou como professora na Unidade Escolar Estadual Const\u00e2ncio Carvalho, no munic\u00edpio de Padre Marcos.<\/p>\n","protected":false},"excerpt":{"rendered":"<p>Ap\u00f3s 30 dias do falecimento da professora M\u00e1rcia Martina Leal, que faleceu aos 51 anos de idade, v\u00edtima de c\u00e2ncer, que deixou em luto toda a cidade de Padre Marcos, no dia 10 de junho com a not\u00edcia. Onde assim, sua fam\u00edlia convida-lhe para a missa de 30 dias de seu falecimento, que ser\u00e1 celebrada [&hellip;]<\/p>\n","protected":false},"author":1,"featured_media":24225,"comment_status":"open","ping_status":"open","sticky":false,"template":"","format":"standard","meta":{"beyondwords_generate_audio":"","beyondwords_project_id":"","beyondwords_podcast_id":"","beyondwords_hash":"","beyondwords_error_message":"","beyondwords_disabled":"","publish_post_to_speechkit":"","speechkit_generate_audio":"","speechkit_project_id":"","speechkit_podcast_id":"","speechkit_hash":"","speechkit_error_message":"","speechkit_disabled":"","speechkit_access_key":"","speechkit_error":"","speechkit_info":"","speechkit_response":"","speechkit_retries":"","_speechkit_link":"","_speechkit_text":""},"categories":[124,68,1479],"tags":[408,780,8687,122,44,787,8688,6543,8689,8690,5872,8691,8692,8574,5778,1905,2051,5367],"jetpack_featured_media_url":"","_links":{"self":[{"href":"https:\/\/pinews.com.br\/index.php\/wp-json\/wp\/v2\/posts\/24222"}],"collection":[{"href":"https:\/\/pinews.com.br\/index.php\/wp-json\/wp\/v2\/posts"}],"about":[{"href":"https:\/\/pinews.com.br\/index.php\/wp-json\/wp\/v2\/types\/post"}],"author":[{"embeddable":true,"href":"https:\/\/pinews.com.br\/index.php\/wp-json\/wp\/v2\/users\/1"}],"replies":[{"embeddable":true,"href":"https:\/\/pinews.com.br\/index.php\/wp-json\/wp\/v2\/comments?post=24222"}],"version-history":[{"count":0,"href":"https:\/\/pinews.com.br\/index.php\/wp-json\/wp\/v2\/posts\/24222\/revisions"}],"wp:featuredmedia":[{"embeddable":true,"href":"https:\/\/pinews.com.br\/index.php\/wp-json\/"}],"wp:attachment":[{"href":"https:\/\/pinews.com.br\/index.php\/wp-json\/wp\/v2\/media?parent=24222"}],"wp:term":[{"taxonomy":"category","embeddable":true,"href":"https:\/\/pinews.com.br\/index.php\/wp-json\/wp\/v2\/categories?post=24222"},{"taxonomy":"post_tag","embeddable":true,"href":"https:\/\/pinews.com.br\/index.php\/wp-json\/wp\/v2\/tags?post=24222"}],"curies":[{"name":"wp","href":"https:\/\/api.w.org\/{rel}","templated":true}]}}