{"id":24307,"date":"2021-07-12T11:16:18","date_gmt":"2021-07-12T14:16:18","guid":{"rendered":"https:\/\/pinews.com.br\/?p=24307"},"modified":"2021-07-12T11:16:18","modified_gmt":"2021-07-12T14:16:18","slug":"piaui-estuda-antecipar-a-segunda-dose-contra-covid-19-e-vacinar-adolescentes","status":"publish","type":"post","link":"https:\/\/pinews.com.br\/index.php\/2021\/07\/12\/piaui-estuda-antecipar-a-segunda-dose-contra-covid-19-e-vacinar-adolescentes\/","title":{"rendered":"Piau\u00ed estuda antecipar a segunda dose contra covid-19 e vacinar adolescentes"},"content":{"rendered":"\n<p>O governador Wellington Dias (PT) afirmou que o Piau\u00ed discute com outros estados a possibilidade de antecipar a segunda dose da vacina contra covid-19, como forma de antecipar a imuniza\u00e7\u00e3o da popula\u00e7\u00e3o.&nbsp; Ele participar\u00e1 nesta ter\u00e7a-feira (13) de reuni\u00e3o com governadores do pa\u00eds em Bras\u00edlia.&nbsp;<\/p>\n\n\n\n<p>Segundo o governador, no encontro ser\u00e1 discutida tamb\u00e9m a possibilidade de vacina\u00e7\u00e3o dos adolescentes acima de 12 anos.<\/p>\n\n\n\n<p>&#8220;O Piau\u00ed espera conseguir antecipar a segunda dose. J\u00e1 existem estudos que mostram ser poss\u00edvel sem perigo para imuniza\u00e7\u00e3o.&nbsp; Quanto mais r\u00e1pido isso ocorrer, o pa\u00eds estar\u00e1 mais seguro e as pessoas imunizadas e protegidas contra o avan\u00e7o da doen\u00e7a.&nbsp; N\u00f3s, governadores vamos discutir tamb\u00e9m a possibilidade de vacinar adolescentes acima de 12 anos&#8221;, destacou o governador, durante visita \u00e0 Universidade Estadual do Piau\u00ed (Uespi) nesta segunda-feira(12).&nbsp;<\/p>\n\n\n\n<p>Com rela\u00e7\u00e3o a vacina Sputinik V, a expectativa \u00e9 que as doses possam chegar ao Brasil amanh\u00e3(13). O desembarque ser\u00e1 feito em Recife-PE.&nbsp;&nbsp;<\/p>\n\n\n\n<p>&#8220;Assinamos o termo de compromisso com o monitoramento da Sputinik V. Temos um contrato com a Fiocruz e outras institui\u00e7\u00f5es que v\u00e3o fazer acompanhamento p\u00f3s-vacina. Podemos ter a licen\u00e7a hoje para o embarque para o Recife. S\u00e3o mais de 1 milh\u00e3o de doses no primeiro lote&#8221;, disse Wellington Dias.<\/p>\n\n\n\n<p>O governador voltou a destacar a import\u00e2ncia da vacina\u00e7\u00e3o para conter a pandemia.&nbsp;<\/p>\n\n\n\n<p>&#8221; Queremos avan\u00e7ar. \u00c0 medida que vacinamos temos um efeito extraordin\u00e1rio.&nbsp; Em outubro, queremos todos acima de 18 anos vacinados\u201d, finalizou o gestor estadual.<\/p>\n\n\n\n<p><strong>Fonte: Flash de L\u00eddia Brito\/ Cidade Verde<\/strong><\/p>\n","protected":false},"excerpt":{"rendered":"<p>O governador Wellington Dias (PT) afirmou que o Piau\u00ed discute com outros estados a possibilidade de antecipar a segunda dose da vacina contra covid-19, como forma de antecipar a imuniza\u00e7\u00e3o da popula\u00e7\u00e3o.&nbsp; Ele participar\u00e1 nesta ter\u00e7a-feira (13) de reuni\u00e3o com governadores do pa\u00eds em Bras\u00edlia.&nbsp; Segundo o governador, no encontro ser\u00e1 discutida tamb\u00e9m a possibilidade [&hellip;]<\/p>\n","protected":false},"author":1,"featured_media":24308,"comment_status":"open","ping_status":"open","sticky":false,"template":"","format":"standard","meta":{"beyondwords_generate_audio":"","beyondwords_project_id":"","beyondwords_podcast_id":"","beyondwords_hash":"","beyondwords_error_message":"","beyondwords_disabled":"","publish_post_to_speechkit":"","speechkit_generate_audio":"","speechkit_project_id":"","speechkit_podcast_id":"","speechkit_hash":"","speechkit_error_message":"","speechkit_disabled":"","speechkit_access_key":"","speechkit_error":"","speechkit_info":"","speechkit_response":"","speechkit_retries":"","_speechkit_link":"","_speechkit_text":""},"categories":[51,1288],"tags":[597,7221,294,5307,7475,6873,52,5589,6763],"jetpack_featured_media_url":"","_links":{"self":[{"href":"https:\/\/pinews.com.br\/index.php\/wp-json\/wp\/v2\/posts\/24307"}],"collection":[{"href":"https:\/\/pinews.com.br\/index.php\/wp-json\/wp\/v2\/posts"}],"about":[{"href":"https:\/\/pinews.com.br\/index.php\/wp-json\/wp\/v2\/types\/post"}],"author":[{"embeddable":true,"href":"https:\/\/pinews.com.br\/index.php\/wp-json\/wp\/v2\/users\/1"}],"replies":[{"embeddable":true,"href":"https:\/\/pinews.com.br\/index.php\/wp-json\/wp\/v2\/comments?post=24307"}],"version-history":[{"count":0,"href":"https:\/\/pinews.com.br\/index.php\/wp-json\/wp\/v2\/posts\/24307\/revisions"}],"wp:featuredmedia":[{"embeddable":true,"href":"https:\/\/pinews.com.br\/index.php\/wp-json\/"}],"wp:attachment":[{"href":"https:\/\/pinews.com.br\/index.php\/wp-json\/wp\/v2\/media?parent=24307"}],"wp:term":[{"taxonomy":"category","embeddable":true,"href":"https:\/\/pinews.com.br\/index.php\/wp-json\/wp\/v2\/categories?post=24307"},{"taxonomy":"post_tag","embeddable":true,"href":"https:\/\/pinews.com.br\/index.php\/wp-json\/wp\/v2\/tags?post=24307"}],"curies":[{"name":"wp","href":"https:\/\/api.w.org\/{rel}","templated":true}]}}