{"id":24313,"date":"2021-07-12T11:24:00","date_gmt":"2021-07-12T14:24:00","guid":{"rendered":"https:\/\/pinews.com.br\/?p=24313"},"modified":"2021-07-12T11:24:00","modified_gmt":"2021-07-12T14:24:00","slug":"jovem-com-transtornos-mentais-mata-homem-e-e-assassinado-pelo-pai-da-vitima-no-norte-do-piaui","status":"publish","type":"post","link":"https:\/\/pinews.com.br\/index.php\/2021\/07\/12\/jovem-com-transtornos-mentais-mata-homem-e-e-assassinado-pelo-pai-da-vitima-no-norte-do-piaui\/","title":{"rendered":"Jovem com transtornos mentais mata homem e \u00e9 assassinado pelo pai da v\u00edtima no Norte do Piau\u00ed"},"content":{"rendered":"\n<p>Dois homens foram mortos no domingo (11), na zona rural de&nbsp;Miguel Alves, distante 110 km ao Norte de Teresina. De acordo com a Pol\u00edcia Militar, a primeira v\u00edtima \u00e9 um homem, que foi assassinado por um jovem com transtornos mentais. Este, ent\u00e3o, foi morto pelo pai da primeira v\u00edtima.<\/p>\n\n\n\n<p>Conforme a pol\u00edcia, dois irm\u00e3os colhiam mandioca quando foram surpreendidos pelo jovem, que atacou um deles com golpes de faca. Ao tentar ajudar o irm\u00e3o, o outro tamb\u00e9m foi atingido.<\/p>\n\n\n\n<p>Os irm\u00e3os foram socorridos e encaminhados ao hospital do munic\u00edpio de&nbsp;Lagoa Alegre. O jovem que foi atacado primeiro&nbsp;n\u00e3o resistiu aos ferimentos&nbsp;e morreu.<\/p>\n\n\n\n<p>Ao saber da morte do filho, para vingar-se, o&nbsp;pai das v\u00edtimas dirigiu-se \u00e0 casa do jovem respons\u00e1vel pelo ataque e o assassinou&nbsp;com disparos de arma de fogo.<\/p>\n\n\n\n<p>A PM informou que, ap\u00f3s o crime, o homem fugiu e ainda n\u00e3o foi localizado. O caso vai ser investigado pela Pol\u00edcia Civil.<\/p>\n\n\n\n<p><strong>Fonte: G1 PI<\/strong><\/p>\n","protected":false},"excerpt":{"rendered":"<p>Dois homens foram mortos no domingo (11), na zona rural de&nbsp;Miguel Alves, distante 110 km ao Norte de Teresina. De acordo com a Pol\u00edcia Militar, a primeira v\u00edtima \u00e9 um homem, que foi assassinado por um jovem com transtornos mentais. Este, ent\u00e3o, foi morto pelo pai da primeira v\u00edtima. Conforme a pol\u00edcia, dois irm\u00e3os colhiam [&hellip;]<\/p>\n","protected":false},"author":1,"featured_media":24314,"comment_status":"open","ping_status":"open","sticky":false,"template":"","format":"standard","meta":{"beyondwords_generate_audio":"","beyondwords_project_id":"","beyondwords_podcast_id":"","beyondwords_hash":"","beyondwords_error_message":"","beyondwords_disabled":"","publish_post_to_speechkit":"","speechkit_generate_audio":"","speechkit_project_id":"","speechkit_podcast_id":"","speechkit_hash":"","speechkit_error_message":"","speechkit_disabled":"","speechkit_access_key":"","speechkit_error":"","speechkit_info":"","speechkit_response":"","speechkit_retries":"","_speechkit_link":"","_speechkit_text":""},"categories":[51,78],"tags":[364,122,72,84,266,49,8322,337,290,137,52,8262,285],"jetpack_featured_media_url":"","_links":{"self":[{"href":"https:\/\/pinews.com.br\/index.php\/wp-json\/wp\/v2\/posts\/24313"}],"collection":[{"href":"https:\/\/pinews.com.br\/index.php\/wp-json\/wp\/v2\/posts"}],"about":[{"href":"https:\/\/pinews.com.br\/index.php\/wp-json\/wp\/v2\/types\/post"}],"author":[{"embeddable":true,"href":"https:\/\/pinews.com.br\/index.php\/wp-json\/wp\/v2\/users\/1"}],"replies":[{"embeddable":true,"href":"https:\/\/pinews.com.br\/index.php\/wp-json\/wp\/v2\/comments?post=24313"}],"version-history":[{"count":0,"href":"https:\/\/pinews.com.br\/index.php\/wp-json\/wp\/v2\/posts\/24313\/revisions"}],"wp:featuredmedia":[{"embeddable":true,"href":"https:\/\/pinews.com.br\/index.php\/wp-json\/"}],"wp:attachment":[{"href":"https:\/\/pinews.com.br\/index.php\/wp-json\/wp\/v2\/media?parent=24313"}],"wp:term":[{"taxonomy":"category","embeddable":true,"href":"https:\/\/pinews.com.br\/index.php\/wp-json\/wp\/v2\/categories?post=24313"},{"taxonomy":"post_tag","embeddable":true,"href":"https:\/\/pinews.com.br\/index.php\/wp-json\/wp\/v2\/tags?post=24313"}],"curies":[{"name":"wp","href":"https:\/\/api.w.org\/{rel}","templated":true}]}}