{"id":24316,"date":"2021-07-12T11:28:10","date_gmt":"2021-07-12T14:28:10","guid":{"rendered":"https:\/\/pinews.com.br\/?p=24316"},"modified":"2021-07-12T11:28:10","modified_gmt":"2021-07-12T14:28:10","slug":"homem-morre-e-criancas-ficam-feridas-apos-veiculo-capotar-no-sul-do-piaui","status":"publish","type":"post","link":"https:\/\/pinews.com.br\/index.php\/2021\/07\/12\/homem-morre-e-criancas-ficam-feridas-apos-veiculo-capotar-no-sul-do-piaui\/","title":{"rendered":"Homem morre e crian\u00e7as ficam feridas ap\u00f3s ve\u00edculo capotar no Sul do Piau\u00ed"},"content":{"rendered":"\n<p>Um homem de 47 anos morreu na noite deste domingo (11) ap\u00f3s o carro em que ele estava capotar na BR 343, em Floriano, no sul do Piau\u00ed. Outras tr\u00eas pessoas que estavam no ve\u00edculo, incluindo duas crian\u00e7as, ficaram feridas e foram encaminhadas pelo Samu ao Hospital Regional Tib\u00e9rio Nunes. <\/p>\n\n\n\n<p>De acordo com a Pol\u00edcia Rodovi\u00e1ria Federal, o acidente aconteceu por volta das 21h e o ve\u00edculo era conduzido por uma mulher de 46 anos que possu\u00eda ind\u00edcios de ingest\u00e3o de bebida alco\u00f3lica. A condutora sofreu les\u00f5es graves e n\u00e3o teve o estado de sa\u00fade atual divulgado.&nbsp;<\/p>\n\n\n\n<p>As duas crian\u00e7as transportadas eram de 4 e 10 anos. A PRF n\u00e3o informou o grau de parentesco delas com o homem morto e a condutora.&nbsp;<\/p>\n\n\n\n<p>Equipes da Pol\u00edcia Rodovi\u00e1ria Federal estiveram no local para levantar as circunst\u00e2ncias e a din\u00e2mica do acidente.&nbsp;<\/p>\n\n\n\n<p>A Pol\u00edcia Civil e o IML tamb\u00e9m foram acionados para os procedimentos cab\u00edveis.&nbsp;<\/p>\n\n\n\n<p><br><strong>Fonte: Natanael Souza\/ Cidade Verde<\/strong><\/p>\n","protected":false},"excerpt":{"rendered":"<p>Um homem de 47 anos morreu na noite deste domingo (11) ap\u00f3s o carro em que ele estava capotar na BR 343, em Floriano, no sul do Piau\u00ed. Outras tr\u00eas pessoas que estavam no ve\u00edculo, incluindo duas crian\u00e7as, ficaram feridas e foram encaminhadas pelo Samu ao Hospital Regional Tib\u00e9rio Nunes. De acordo com a Pol\u00edcia [&hellip;]<\/p>\n","protected":false},"author":1,"featured_media":24317,"comment_status":"open","ping_status":"open","sticky":false,"template":"","format":"standard","meta":{"beyondwords_generate_audio":"","beyondwords_project_id":"","beyondwords_podcast_id":"","beyondwords_hash":"","beyondwords_error_message":"","beyondwords_disabled":"","publish_post_to_speechkit":"","speechkit_generate_audio":"","speechkit_project_id":"","speechkit_podcast_id":"","speechkit_hash":"","speechkit_error_message":"","speechkit_disabled":"","speechkit_access_key":"","speechkit_error":"","speechkit_info":"","speechkit_response":"","speechkit_retries":"","_speechkit_link":"","_speechkit_text":""},"categories":[51],"tags":[70,939,344,257,416,84,119,52,120,158],"jetpack_featured_media_url":"","_links":{"self":[{"href":"https:\/\/pinews.com.br\/index.php\/wp-json\/wp\/v2\/posts\/24316"}],"collection":[{"href":"https:\/\/pinews.com.br\/index.php\/wp-json\/wp\/v2\/posts"}],"about":[{"href":"https:\/\/pinews.com.br\/index.php\/wp-json\/wp\/v2\/types\/post"}],"author":[{"embeddable":true,"href":"https:\/\/pinews.com.br\/index.php\/wp-json\/wp\/v2\/users\/1"}],"replies":[{"embeddable":true,"href":"https:\/\/pinews.com.br\/index.php\/wp-json\/wp\/v2\/comments?post=24316"}],"version-history":[{"count":0,"href":"https:\/\/pinews.com.br\/index.php\/wp-json\/wp\/v2\/posts\/24316\/revisions"}],"wp:featuredmedia":[{"embeddable":true,"href":"https:\/\/pinews.com.br\/index.php\/wp-json\/"}],"wp:attachment":[{"href":"https:\/\/pinews.com.br\/index.php\/wp-json\/wp\/v2\/media?parent=24316"}],"wp:term":[{"taxonomy":"category","embeddable":true,"href":"https:\/\/pinews.com.br\/index.php\/wp-json\/wp\/v2\/categories?post=24316"},{"taxonomy":"post_tag","embeddable":true,"href":"https:\/\/pinews.com.br\/index.php\/wp-json\/wp\/v2\/tags?post=24316"}],"curies":[{"name":"wp","href":"https:\/\/api.w.org\/{rel}","templated":true}]}}