{"id":24330,"date":"2021-07-12T19:01:59","date_gmt":"2021-07-12T22:01:59","guid":{"rendered":"https:\/\/pinews.com.br\/?p=24330"},"modified":"2021-07-12T19:01:59","modified_gmt":"2021-07-12T22:01:59","slug":"motorista-dorme-ao-volante-e-morre-em-acidente-na-br-316-no-piaui","status":"publish","type":"post","link":"https:\/\/pinews.com.br\/index.php\/2021\/07\/12\/motorista-dorme-ao-volante-e-morre-em-acidente-na-br-316-no-piaui\/","title":{"rendered":"Motorista dorme ao volante e morre em acidente na BR 316, no Piau\u00ed"},"content":{"rendered":"\n<p><br>A colis\u00e3o entre um carro de passeio e um caminh\u00e3o, na madrugada desta segunda-feira(12), terminou com a morte de um homem de 34 anos na BR 316, munic\u00edpio de Valen\u00e7a do Piau\u00ed. Outras quatro mulheres estavam no carro no momento da colis\u00e3o, duas delas foram socorridas com ferimentos graves.&nbsp;<\/p>\n\n\n\n<p>De acordo com a Pol\u00edcia Rodovi\u00e1ria Federal, o acidente aconteceu por volta das 5h. O condutor do ve\u00edculo, que acabou morrendo no local, teria dormido ao volante, invadido a faixa contr\u00e1ria e colidido lateralmente com o caminh\u00e3o.&nbsp;<\/p>\n\n\n\n<p>Por conta do impacto da colis\u00e3o, o ve\u00edculo saiu da pista e acabou parcialmente destru\u00eddo.<\/p>\n\n\n\n<p>As passageiras feridas foram socorridas pelo SAMU e por populares para o Hospital Regional de Valen\u00e7a do Piau\u00ed\/PI.&nbsp;<\/p>\n\n\n\n<p>A Pol\u00edcia Civil e o IML foram acionados para os procedimentos cab\u00edveis.<\/p>\n\n\n\n<figure class=\"wp-block-image\"><img decoding=\"async\" src=\"https:\/\/cidadeverde.com\/assets\/uploads\/noticias\/d5c169d5125cf731c78dab167b1a4909.jpg\" alt=\"\"\/><figcaption><em>Foto: Divulga\u00e7\u00e3o\/PRF<\/em><\/figcaption><\/figure>\n\n\n\n<p><br><strong>Fonte: Natanael Souza\/ Cidade Verde<\/strong><\/p>\n","protected":false},"excerpt":{"rendered":"<p>A colis\u00e3o entre um carro de passeio e um caminh\u00e3o, na madrugada desta segunda-feira(12), terminou com a morte de um homem de 34 anos na BR 316, munic\u00edpio de Valen\u00e7a do Piau\u00ed. Outras quatro mulheres estavam no carro no momento da colis\u00e3o, duas delas foram socorridas com ferimentos graves.&nbsp; De acordo com a Pol\u00edcia Rodovi\u00e1ria [&hellip;]<\/p>\n","protected":false},"author":1,"featured_media":24331,"comment_status":"open","ping_status":"open","sticky":false,"template":"","format":"standard","meta":{"beyondwords_generate_audio":"","beyondwords_project_id":"","beyondwords_podcast_id":"","beyondwords_hash":"","beyondwords_error_message":"","beyondwords_disabled":"","publish_post_to_speechkit":"","speechkit_generate_audio":"","speechkit_project_id":"","speechkit_podcast_id":"","speechkit_hash":"","speechkit_error_message":"","speechkit_disabled":"","speechkit_access_key":"","speechkit_error":"","speechkit_info":"","speechkit_response":"","speechkit_retries":"","_speechkit_link":"","_speechkit_text":""},"categories":[51],"tags":[5497,176,132,403,7176,46,119,58,91,52,7177],"jetpack_featured_media_url":"","_links":{"self":[{"href":"https:\/\/pinews.com.br\/index.php\/wp-json\/wp\/v2\/posts\/24330"}],"collection":[{"href":"https:\/\/pinews.com.br\/index.php\/wp-json\/wp\/v2\/posts"}],"about":[{"href":"https:\/\/pinews.com.br\/index.php\/wp-json\/wp\/v2\/types\/post"}],"author":[{"embeddable":true,"href":"https:\/\/pinews.com.br\/index.php\/wp-json\/wp\/v2\/users\/1"}],"replies":[{"embeddable":true,"href":"https:\/\/pinews.com.br\/index.php\/wp-json\/wp\/v2\/comments?post=24330"}],"version-history":[{"count":0,"href":"https:\/\/pinews.com.br\/index.php\/wp-json\/wp\/v2\/posts\/24330\/revisions"}],"wp:featuredmedia":[{"embeddable":true,"href":"https:\/\/pinews.com.br\/index.php\/wp-json\/"}],"wp:attachment":[{"href":"https:\/\/pinews.com.br\/index.php\/wp-json\/wp\/v2\/media?parent=24330"}],"wp:term":[{"taxonomy":"category","embeddable":true,"href":"https:\/\/pinews.com.br\/index.php\/wp-json\/wp\/v2\/categories?post=24330"},{"taxonomy":"post_tag","embeddable":true,"href":"https:\/\/pinews.com.br\/index.php\/wp-json\/wp\/v2\/tags?post=24330"}],"curies":[{"name":"wp","href":"https:\/\/api.w.org\/{rel}","templated":true}]}}