{"id":24344,"date":"2021-07-13T11:29:19","date_gmt":"2021-07-13T14:29:19","guid":{"rendered":"https:\/\/pinews.com.br\/?p=24344"},"modified":"2021-07-13T11:29:19","modified_gmt":"2021-07-13T14:29:19","slug":"morre-aos-66-anos-o-cantor-picoense-robertinho-brega","status":"publish","type":"post","link":"https:\/\/pinews.com.br\/index.php\/2021\/07\/13\/morre-aos-66-anos-o-cantor-picoense-robertinho-brega\/","title":{"rendered":"Morre, aos 66 anos, o cantor picoense Robertinho Brega"},"content":{"rendered":"\n<p>Faleceu na madrugada desta ter\u00e7a-feira (13), \u00e0s 05h00, o cantor picoense Jos\u00e9 Roberto Gomes da Silva, mais conhecido como Robertinho Brega, por conta de seu estilo musical. Aos 65 anos, o artista sofreu um Acidente Vascular Cerebral e n\u00e3o resistiu.<\/p>\n\n\n\n<p>Robertinho Brega estava com c\u00e2ncer de pr\u00f3stata e foi internado na noite do \u00faltimo domingo (11) no Hospital Regional Justino Luz de Picos, local onde teve um AVC hemorr\u00e1gico nesta madrugada.<\/p>\n\n\n\n<figure class=\"wp-block-image\"><img decoding=\"async\" src=\"https:\/\/i2.wp.com\/www.portalenoticias.com.br\/wp-content\/uploads\/2021\/07\/robertinho-brega-2.jpg?fit=512%2C341&amp;ssl=1\" alt=\"\" class=\"wp-image-94545\"\/><figcaption>Imagem: Reprodu\u00e7\u00e3o<\/figcaption><\/figure>\n\n\n\n<p>Com seu jeito alegre e irreverente, Robertinho Brega embalou muitas festas municipais e privadas desde o in\u00edcio de sua vida art\u00edstica. Subir em mesas e cadeiras para cantar era sua marca registrada.<\/p>\n\n\n\n<p>O picoense vem de uma fam\u00edlia grande, de 8 irm\u00e3os. Era casado e teve tr\u00eas filhos, um destes j\u00e1 falecido.<\/p>\n\n\n\n<p>O vel\u00f3rio de Robertinho Brega acontece na resid\u00eancia de sua genitora \u2013 j\u00e1 falecida \u2013, no povoado Lagoa Comprida. O enterro est\u00e1 previsto para acontecer nesta quarta-feira (14), pois dois de seus irm\u00e3os est\u00e3o tentando deslocamento para Picos.<\/p>\n\n\n\n<p><strong>Fonte: Riach\u00e3o Net<\/strong><\/p>\n","protected":false},"excerpt":{"rendered":"<p>Faleceu na madrugada desta ter\u00e7a-feira (13), \u00e0s 05h00, o cantor picoense Jos\u00e9 Roberto Gomes da Silva, mais conhecido como Robertinho Brega, por conta de seu estilo musical. Aos 65 anos, o artista sofreu um Acidente Vascular Cerebral e n\u00e3o resistiu. Robertinho Brega estava com c\u00e2ncer de pr\u00f3stata e foi internado na noite do \u00faltimo domingo [&hellip;]<\/p>\n","protected":false},"author":1,"featured_media":24345,"comment_status":"open","ping_status":"open","sticky":false,"template":"","format":"standard","meta":{"beyondwords_generate_audio":"","beyondwords_project_id":"","beyondwords_podcast_id":"","beyondwords_hash":"","beyondwords_error_message":"","beyondwords_disabled":"","publish_post_to_speechkit":"","speechkit_generate_audio":"","speechkit_project_id":"","speechkit_podcast_id":"","speechkit_hash":"","speechkit_error_message":"","speechkit_disabled":"","speechkit_access_key":"","speechkit_error":"","speechkit_info":"","speechkit_response":"","speechkit_retries":"","_speechkit_link":"","_speechkit_text":""},"categories":[51,126],"tags":[6529,82,142,8704,1192,119,1648,8705],"jetpack_featured_media_url":"","_links":{"self":[{"href":"https:\/\/pinews.com.br\/index.php\/wp-json\/wp\/v2\/posts\/24344"}],"collection":[{"href":"https:\/\/pinews.com.br\/index.php\/wp-json\/wp\/v2\/posts"}],"about":[{"href":"https:\/\/pinews.com.br\/index.php\/wp-json\/wp\/v2\/types\/post"}],"author":[{"embeddable":true,"href":"https:\/\/pinews.com.br\/index.php\/wp-json\/wp\/v2\/users\/1"}],"replies":[{"embeddable":true,"href":"https:\/\/pinews.com.br\/index.php\/wp-json\/wp\/v2\/comments?post=24344"}],"version-history":[{"count":0,"href":"https:\/\/pinews.com.br\/index.php\/wp-json\/wp\/v2\/posts\/24344\/revisions"}],"wp:featuredmedia":[{"embeddable":true,"href":"https:\/\/pinews.com.br\/index.php\/wp-json\/"}],"wp:attachment":[{"href":"https:\/\/pinews.com.br\/index.php\/wp-json\/wp\/v2\/media?parent=24344"}],"wp:term":[{"taxonomy":"category","embeddable":true,"href":"https:\/\/pinews.com.br\/index.php\/wp-json\/wp\/v2\/categories?post=24344"},{"taxonomy":"post_tag","embeddable":true,"href":"https:\/\/pinews.com.br\/index.php\/wp-json\/wp\/v2\/tags?post=24344"}],"curies":[{"name":"wp","href":"https:\/\/api.w.org\/{rel}","templated":true}]}}