{"id":24359,"date":"2021-07-13T18:49:43","date_gmt":"2021-07-13T21:49:43","guid":{"rendered":"https:\/\/pinews.com.br\/?p=24359"},"modified":"2021-07-13T18:49:43","modified_gmt":"2021-07-13T21:49:43","slug":"homem-e-preso-suspeito-de-agredir-a-cunhada-a-pauladas-na-zona-rural-de-betania-do-piaui","status":"publish","type":"post","link":"https:\/\/pinews.com.br\/index.php\/2021\/07\/13\/homem-e-preso-suspeito-de-agredir-a-cunhada-a-pauladas-na-zona-rural-de-betania-do-piaui\/","title":{"rendered":"Homem \u00e9 preso suspeito de agredir a cunhada a pauladas na zona rural de Bet\u00e2nia do Piau\u00ed"},"content":{"rendered":"\n<p>Um homem foi preso nessa segunda-feira (12) suspeito de agredir a cunhada a pauladas na zona rural de Bet\u00e2nia do Piau\u00ed, a 512 km de Teresina. Segundo a Pol\u00edcia Militar, a agress\u00e3o ocorreu por volta das 23h de domingo (11), na localidade Serra do In\u00e1cio.<\/p>\n\n\n\n<p>\u201cA v\u00edtima afirmou que eles estavam bem, que estavam bebendo em um bar e que de repente, o cunhado embriagado pegou um peda\u00e7o de madeira e come\u00e7ou a agredir ela, j\u00e1 fora do estabelecimento\u201d, explicou o sargento Paulo Feitosa, do Grupamento da Pol\u00edcia Militar (GPM) em Bet\u00e2nia do Piau\u00ed.<\/p>\n\n\n\n<p>De acordo com o sargento, a v\u00edtima levou v\u00e1rias pancadas na cabe\u00e7a, que teve cortes nessa regi\u00e3o e tamb\u00e9m no rosto. Ela ficou com v\u00e1rios hematomas e s\u00f3 n\u00e3o apanhou mais porque os populares ajudaram.<\/p>\n\n\n\n<p>A v\u00edtima s\u00f3 procurou ajuda da Pol\u00edcia Militar nessa segunda-feira. Ela foi ent\u00e3o encaminhada para um hospital em Paulistana e depois foi para Picos, onde fez exame de corpo e delito. O suspeito foi preso logo ap\u00f3s a den\u00fancia.<\/p>\n\n\n\n<p>\u201cDepois que orientamos ela, sa\u00edmos em dilig\u00eancias atr\u00e1s do agressor. Encontramos ele na casa do sogro e fizemos a pris\u00e3o. O homem foi conduzido para a delegacia de Paulistana, que vai ficar respons\u00e1vel pelo caso\u201d, informou o sargento Paulo Feitosa.<\/p>\n\n\n\n<p><strong>Fonte: G1 PI<\/strong><\/p>\n","protected":false},"excerpt":{"rendered":"<p>Um homem foi preso nessa segunda-feira (12) suspeito de agredir a cunhada a pauladas na zona rural de Bet\u00e2nia do Piau\u00ed, a 512 km de Teresina. Segundo a Pol\u00edcia Militar, a agress\u00e3o ocorreu por volta das 23h de domingo (11), na localidade Serra do In\u00e1cio. \u201cA v\u00edtima afirmou que eles estavam bem, que estavam bebendo [&hellip;]<\/p>\n","protected":false},"author":1,"featured_media":24360,"comment_status":"open","ping_status":"open","sticky":false,"template":"","format":"standard","meta":{"beyondwords_generate_audio":"","beyondwords_project_id":"","beyondwords_podcast_id":"","beyondwords_hash":"","beyondwords_error_message":"","beyondwords_disabled":"","publish_post_to_speechkit":"","speechkit_generate_audio":"","speechkit_project_id":"","speechkit_podcast_id":"","speechkit_hash":"","speechkit_error_message":"","speechkit_disabled":"","speechkit_access_key":"","speechkit_error":"","speechkit_info":"","speechkit_response":"","speechkit_retries":"","_speechkit_link":"","_speechkit_text":""},"categories":[51,78],"tags":[532,5489,8131,44,72,84,91,318,52,79,93,130,97],"jetpack_featured_media_url":"","_links":{"self":[{"href":"https:\/\/pinews.com.br\/index.php\/wp-json\/wp\/v2\/posts\/24359"}],"collection":[{"href":"https:\/\/pinews.com.br\/index.php\/wp-json\/wp\/v2\/posts"}],"about":[{"href":"https:\/\/pinews.com.br\/index.php\/wp-json\/wp\/v2\/types\/post"}],"author":[{"embeddable":true,"href":"https:\/\/pinews.com.br\/index.php\/wp-json\/wp\/v2\/users\/1"}],"replies":[{"embeddable":true,"href":"https:\/\/pinews.com.br\/index.php\/wp-json\/wp\/v2\/comments?post=24359"}],"version-history":[{"count":0,"href":"https:\/\/pinews.com.br\/index.php\/wp-json\/wp\/v2\/posts\/24359\/revisions"}],"wp:featuredmedia":[{"embeddable":true,"href":"https:\/\/pinews.com.br\/index.php\/wp-json\/"}],"wp:attachment":[{"href":"https:\/\/pinews.com.br\/index.php\/wp-json\/wp\/v2\/media?parent=24359"}],"wp:term":[{"taxonomy":"category","embeddable":true,"href":"https:\/\/pinews.com.br\/index.php\/wp-json\/wp\/v2\/categories?post=24359"},{"taxonomy":"post_tag","embeddable":true,"href":"https:\/\/pinews.com.br\/index.php\/wp-json\/wp\/v2\/tags?post=24359"}],"curies":[{"name":"wp","href":"https:\/\/api.w.org\/{rel}","templated":true}]}}