{"id":24479,"date":"2021-07-16T17:10:31","date_gmt":"2021-07-16T20:10:31","guid":{"rendered":"https:\/\/pinews.com.br\/?p=24479"},"modified":"2021-07-16T17:10:31","modified_gmt":"2021-07-16T20:10:31","slug":"picos-congresso-religioso-e-cancelado-para-evitar-aglomeracao","status":"publish","type":"post","link":"https:\/\/pinews.com.br\/index.php\/2021\/07\/16\/picos-congresso-religioso-e-cancelado-para-evitar-aglomeracao\/","title":{"rendered":"Picos| congresso religioso \u00e9 cancelado para evitar aglomera\u00e7\u00e3o"},"content":{"rendered":"\n<p>Um congresso religioso em Picos, no interior do Piau\u00ed, teve que ser cancelado, na data marcada em julho, para evitar aglomera\u00e7\u00e3o devido \u00e0 pandemia da Covid-19. De acordo com o parecer do Centro de Opera\u00e7\u00f5es de Emerg\u00eancias em Sa\u00fade P\u00fablica do Estado do Piau\u00ed (COE), o evento n\u00e3o atenderia ao limite m\u00e1ximo de at\u00e9 100 pessoas com o distanciamento m\u00ednimo de dois metros, conforme decreto estadual, bem como o p\u00fablico-alvo seria de jovens que, salvo exce\u00e7\u00f5es, n\u00e3o foram vacinados contra o novo coronav\u00edrus.&nbsp;<\/p>\n\n\n\n<p>O Minist\u00e9rio P\u00fablico do Piau\u00ed chegou a expedir recomenda\u00e7\u00e3o para o cancelamento do congresso que estava marcado no Est\u00e1dio Municipal Helv\u00eddio Nunes de Barros, com p\u00fablico aproximado de 1.300 pessoas.&nbsp; De acordo com a&nbsp;organiza\u00e7\u00e3o do evento, a Vigil\u00e2ncia Sanit\u00e1ria do munic\u00edpio havia dado o aval para a realiza\u00e7\u00e3o do congresso.<\/p>\n\n\n\n<p>O promotor de Justi\u00e7a, Paulo Maur\u00edcio Ara\u00fajo Gusm\u00e3o, ressalta que as organiza\u00e7\u00f5es religiosas est\u00e3o autorizadas a funcionar e a realizar cultos, desde que sigam as medidas higienicossanit\u00e1rias de conten\u00e7\u00e3o \u00e0 dissemina\u00e7\u00e3o da Covid-19, entre as quais, a limita\u00e7\u00e3o de ocupa\u00e7\u00e3o do espa\u00e7o f\u00edsico do templo no percentual de at\u00e9 30% capacidade.<\/p>\n\n\n\n<p>O representante do MP recomendou que a Vigil\u00e2ncia Sanit\u00e1ria de Picos se abstenha de expedir autoriza\u00e7\u00e3o para realiza\u00e7\u00e3o de eventos com capacidade total de pessoas maior que a permitida no decreto estadual.<\/p>\n\n\n\n<p>O pastor Carlos Alberto Costa de Sousa, presidente das Assembleias de Deus em Picos, esclarece que o evento n\u00e3o foi cancelado, mas adiado.&nbsp;<\/p>\n\n\n\n<p>&#8220;Temos que andar pautados na lei. Reconhecemos que regras existem para serem cumpridas. Estava tudo pronto. As regras dizem que tem que ser em um ambiente aberto, mantendo o distanciamento, pensamos no est\u00e1dio por ser amplo. Lei n\u00e3o se discute, lei se cumpre. N\u00e3o foi o MP quem barrou, foi o COE. A gente poderia questionar porque houve um evento de bike, um festejo da igreja cat\u00f3lica. O promotor orientou que repensemos em uma nova data&#8221;, disse o pastor em um v\u00eddeo divulgado no instagram da&nbsp; Uni\u00e3o de Mocidade da Assembleia de Deus de Picos (Umadepi).&nbsp;<\/p>\n\n\n\n<p>Carlos Alberto adianta que o congresso n\u00e3o vai ocorrer em julho e uma nova data ainda ser\u00e1 marcada.&nbsp;<\/p>\n\n\n\n<p>&#8220;O congresso n\u00e3o vai ocorrer em julho. \u00c9 motivo de nos preparmos mais, criar novas estrat\u00e9gias. N\u00f3s nunca fomos irrespons\u00e1veis. Queremos tranquilizar a nossa igreja. O congresso foi adiado. Vamos pensar em uma data para fazer uma coisa bonita, espiritual e melhor&#8221;, disse o pastor.&nbsp;<\/p>\n\n\n\n<p><strong>Fonte: Graciane Sousa\/ Cidade Verde<\/strong><\/p>\n","protected":false},"excerpt":{"rendered":"<p>Um congresso religioso em Picos, no interior do Piau\u00ed, teve que ser cancelado, na data marcada em julho, para evitar aglomera\u00e7\u00e3o devido \u00e0 pandemia da Covid-19. De acordo com o parecer do Centro de Opera\u00e7\u00f5es de Emerg\u00eancias em Sa\u00fade P\u00fablica do Estado do Piau\u00ed (COE), o evento n\u00e3o atenderia ao limite m\u00e1ximo de at\u00e9 100 [&hellip;]<\/p>\n","protected":false},"author":1,"featured_media":24480,"comment_status":"open","ping_status":"open","sticky":false,"template":"","format":"standard","meta":{"beyondwords_generate_audio":"","beyondwords_project_id":"","beyondwords_podcast_id":"","beyondwords_hash":"","beyondwords_error_message":"","beyondwords_disabled":"","publish_post_to_speechkit":"","speechkit_generate_audio":"","speechkit_project_id":"","speechkit_podcast_id":"","speechkit_hash":"","speechkit_error_message":"","speechkit_disabled":"","speechkit_access_key":"","speechkit_error":"","speechkit_info":"","speechkit_response":"","speechkit_retries":"","_speechkit_link":"","_speechkit_text":""},"categories":[51,126],"tags":[2999,1981,1416,72,7200,350,125,8737],"jetpack_featured_media_url":"","_links":{"self":[{"href":"https:\/\/pinews.com.br\/index.php\/wp-json\/wp\/v2\/posts\/24479"}],"collection":[{"href":"https:\/\/pinews.com.br\/index.php\/wp-json\/wp\/v2\/posts"}],"about":[{"href":"https:\/\/pinews.com.br\/index.php\/wp-json\/wp\/v2\/types\/post"}],"author":[{"embeddable":true,"href":"https:\/\/pinews.com.br\/index.php\/wp-json\/wp\/v2\/users\/1"}],"replies":[{"embeddable":true,"href":"https:\/\/pinews.com.br\/index.php\/wp-json\/wp\/v2\/comments?post=24479"}],"version-history":[{"count":0,"href":"https:\/\/pinews.com.br\/index.php\/wp-json\/wp\/v2\/posts\/24479\/revisions"}],"wp:featuredmedia":[{"embeddable":true,"href":"https:\/\/pinews.com.br\/index.php\/wp-json\/"}],"wp:attachment":[{"href":"https:\/\/pinews.com.br\/index.php\/wp-json\/wp\/v2\/media?parent=24479"}],"wp:term":[{"taxonomy":"category","embeddable":true,"href":"https:\/\/pinews.com.br\/index.php\/wp-json\/wp\/v2\/categories?post=24479"},{"taxonomy":"post_tag","embeddable":true,"href":"https:\/\/pinews.com.br\/index.php\/wp-json\/wp\/v2\/tags?post=24479"}],"curies":[{"name":"wp","href":"https:\/\/api.w.org\/{rel}","templated":true}]}}