{"id":24537,"date":"2021-07-18T14:49:32","date_gmt":"2021-07-18T17:49:32","guid":{"rendered":"https:\/\/pinews.com.br\/?p=24537"},"modified":"2021-07-18T14:49:32","modified_gmt":"2021-07-18T17:49:32","slug":"secretaria-de-justica-mantem-suspensao-de-visitas-nos-presidios-do-piaui","status":"publish","type":"post","link":"https:\/\/pinews.com.br\/index.php\/2021\/07\/18\/secretaria-de-justica-mantem-suspensao-de-visitas-nos-presidios-do-piaui\/","title":{"rendered":"Secretaria de Justi\u00e7a mant\u00e9m suspens\u00e3o de visitas nos pres\u00eddios do Piau\u00ed"},"content":{"rendered":"\n<p>A Secretaria de Justi\u00e7a do Piau\u00ed prorrogou por mais 15 dias a suspens\u00e3o das visitas em todos os pres\u00eddios do Piau\u00ed, como preven\u00e7\u00e3o \u00e0 dissemina\u00e7\u00e3o da Covid-19. A portaria foi publicada no Di\u00e1rio Oficial do Piau\u00ed de 16 de julho.<\/p>\n\n\n\n<p>Est\u00e3o suspensas as visitas sociais e \u00edntimas, servi\u00e7os de assist\u00eancia religiosa, educacional e as escoltas dos presos custodiados no sistema prisional do Piau\u00ed, com exce\u00e7\u00e3o as situa\u00e7\u00f5es emergenciais.<\/p>\n\n\n\n<p>Ser\u00e1 permitido o atendimento dos advogados e defensores p\u00fablicos por meio de videoconfer\u00eancia com os internos, nos hor\u00e1rios de 9h \u00e0s 16h.<\/p>\n\n\n\n<p>A Secretaria de Justi\u00e7a autorizou a entrega de itens b\u00e1sicos por parte dos familiares aos detentos nos pres\u00eddios.<\/p>\n\n\n\n<p>Na portaria o secret\u00e1rio de Justi\u00e7a, Carlos Edilson, afirmou que as medidas s\u00e3o necess\u00e1rias para &#8220;evitar contamina\u00e7\u00f5es de grande escala e de se restringir riscos, principalmente diante do estado de vulnerabilidade da sa\u00fade do preso&#8221;.<\/p>\n\n\n\n<p><strong>Fonte: G1 PI<\/strong><\/p>\n","protected":false},"excerpt":{"rendered":"<p>A Secretaria de Justi\u00e7a do Piau\u00ed prorrogou por mais 15 dias a suspens\u00e3o das visitas em todos os pres\u00eddios do Piau\u00ed, como preven\u00e7\u00e3o \u00e0 dissemina\u00e7\u00e3o da Covid-19. A portaria foi publicada no Di\u00e1rio Oficial do Piau\u00ed de 16 de julho. Est\u00e3o suspensas as visitas sociais e \u00edntimas, servi\u00e7os de assist\u00eancia religiosa, educacional e as escoltas [&hellip;]<\/p>\n","protected":false},"author":1,"featured_media":24538,"comment_status":"open","ping_status":"open","sticky":false,"template":"","format":"standard","meta":{"beyondwords_generate_audio":"","beyondwords_project_id":"","beyondwords_podcast_id":"","beyondwords_hash":"","beyondwords_error_message":"","beyondwords_disabled":"","publish_post_to_speechkit":"","speechkit_generate_audio":"","speechkit_project_id":"","speechkit_podcast_id":"","speechkit_hash":"","speechkit_error_message":"","speechkit_disabled":"","speechkit_access_key":"","speechkit_error":"","speechkit_info":"","speechkit_response":"","speechkit_retries":"","_speechkit_link":"","_speechkit_text":""},"categories":[51],"tags":[44,1097,6496,5749,52,1383,892,2134,5665],"jetpack_featured_media_url":"","_links":{"self":[{"href":"https:\/\/pinews.com.br\/index.php\/wp-json\/wp\/v2\/posts\/24537"}],"collection":[{"href":"https:\/\/pinews.com.br\/index.php\/wp-json\/wp\/v2\/posts"}],"about":[{"href":"https:\/\/pinews.com.br\/index.php\/wp-json\/wp\/v2\/types\/post"}],"author":[{"embeddable":true,"href":"https:\/\/pinews.com.br\/index.php\/wp-json\/wp\/v2\/users\/1"}],"replies":[{"embeddable":true,"href":"https:\/\/pinews.com.br\/index.php\/wp-json\/wp\/v2\/comments?post=24537"}],"version-history":[{"count":0,"href":"https:\/\/pinews.com.br\/index.php\/wp-json\/wp\/v2\/posts\/24537\/revisions"}],"wp:featuredmedia":[{"embeddable":true,"href":"https:\/\/pinews.com.br\/index.php\/wp-json\/"}],"wp:attachment":[{"href":"https:\/\/pinews.com.br\/index.php\/wp-json\/wp\/v2\/media?parent=24537"}],"wp:term":[{"taxonomy":"category","embeddable":true,"href":"https:\/\/pinews.com.br\/index.php\/wp-json\/wp\/v2\/categories?post=24537"},{"taxonomy":"post_tag","embeddable":true,"href":"https:\/\/pinews.com.br\/index.php\/wp-json\/wp\/v2\/tags?post=24537"}],"curies":[{"name":"wp","href":"https:\/\/api.w.org\/{rel}","templated":true}]}}