{"id":24558,"date":"2021-07-19T18:28:59","date_gmt":"2021-07-19T21:28:59","guid":{"rendered":"https:\/\/pinews.com.br\/?p=24558"},"modified":"2021-07-19T18:28:59","modified_gmt":"2021-07-19T21:28:59","slug":"governadores-do-nordeste-propoem-auxilio-de-r-500-para-orfaos-da-pandemia","status":"publish","type":"post","link":"https:\/\/pinews.com.br\/index.php\/2021\/07\/19\/governadores-do-nordeste-propoem-auxilio-de-r-500-para-orfaos-da-pandemia\/","title":{"rendered":"Governadores do Nordeste prop\u00f5em aux\u00edlio de R$ 500 para \u00f3rf\u00e3os da pandemia"},"content":{"rendered":"\n<p>Os governadores do Nordeste aprovaram a cria\u00e7\u00e3o de um programa social para ajudar financeiramente filhos que perderam seus pais para a covid-19. O Nordeste Acolhe prev\u00ea o pagamento de um aux\u00edlio no valor de R$ 500 aos beneficiados. Cada estado ficar\u00e1 encarregado de implementar seu programa ap\u00f3s aprova\u00e7\u00e3o das assembleias estaduais.<\/p>\n\n\n\n<p>\u201cAcertamos no f\u00f3rum dos governadores a aprova\u00e7\u00e3o do projeto Nordeste Acolhe. O que isso significa? No Nordeste, em cada estado, os governos v\u00e3o encaminhar para as Assembleias Legislativas, um projeto em que se disp\u00f5e ao pagamento de um aux\u00edlio social no valor de R$ 500 para filhos \u00f3rf\u00e3os de pai e m\u00e3e em raz\u00e3o da covid-19\u201d, disse o governador Wellington Dias, presidente do Cons\u00f3rcio Nordeste.<\/p>\n\n\n\n<p>De acordo com o governador, no Piau\u00ed devem ser beneficiadas 500 fam\u00edlias. \u201cIsso \u00e9 um compromisso n\u00e3o apenas social, mas uma preocupa\u00e7\u00e3o que a gente tem com os efeitos p\u00f3s-covid. Claro que n\u00f3s vamos cuidar da \u00e1rea social de forma mais ampla, buscando a gera\u00e7\u00e3o de emprego e renda, buscando as condi\u00e7\u00f5es de manuten\u00e7\u00e3o do aux\u00edlio emergencial financeiro, de amplia\u00e7\u00e3o de investimentos, no entanto, h\u00e1 uma situa\u00e7\u00e3o particular que atingiu fam\u00edlias, aqui em nosso estado mais de 500 fam\u00edlias, e com certeza ter\u00e3o o acolhimento por parte do estado e nesse caso do Cons\u00f3rcio Nordeste\u201d, afirma o governador.<\/p>\n\n\n\n<p>Ainda segundo o governador, o projeto do Piau\u00ed ser\u00e1 enviado em agosto ao legislativo estadual.<\/p>\n\n\n\n<p>\u201cVamos encaminhar em agosto. Tem uma minuta aprovada na C\u00e2mara T\u00e9cnica da \u00e1rea social, coordenada pela governadora F\u00e1tima Bezerra (RN) e com a aprova\u00e7\u00e3o na Alepi j\u00e1 queremos implantar em agosto\u201d, garantiu Wellington Dias.<\/p>\n\n\n\n<p><strong>Fonte: H\u00e9rlon Moraes\/ Cidade Verde<\/strong><\/p>\n","protected":false},"excerpt":{"rendered":"<p>Os governadores do Nordeste aprovaram a cria\u00e7\u00e3o de um programa social para ajudar financeiramente filhos que perderam seus pais para a covid-19. O Nordeste Acolhe prev\u00ea o pagamento de um aux\u00edlio no valor de R$ 500 aos beneficiados. Cada estado ficar\u00e1 encarregado de implementar seu programa ap\u00f3s aprova\u00e7\u00e3o das assembleias estaduais. \u201cAcertamos no f\u00f3rum dos [&hellip;]<\/p>\n","protected":false},"author":1,"featured_media":24559,"comment_status":"open","ping_status":"open","sticky":false,"template":"","format":"standard","meta":{"beyondwords_generate_audio":"","beyondwords_project_id":"","beyondwords_podcast_id":"","beyondwords_hash":"","beyondwords_error_message":"","beyondwords_disabled":"","publish_post_to_speechkit":"","speechkit_generate_audio":"","speechkit_project_id":"","speechkit_podcast_id":"","speechkit_hash":"","speechkit_error_message":"","speechkit_disabled":"","speechkit_access_key":"","speechkit_error":"","speechkit_info":"","speechkit_response":"","speechkit_retries":"","_speechkit_link":"","_speechkit_text":""},"categories":[134,51],"tags":[913,2647,122,44,4684,1255,8742,2407,350,8743],"jetpack_featured_media_url":"","_links":{"self":[{"href":"https:\/\/pinews.com.br\/index.php\/wp-json\/wp\/v2\/posts\/24558"}],"collection":[{"href":"https:\/\/pinews.com.br\/index.php\/wp-json\/wp\/v2\/posts"}],"about":[{"href":"https:\/\/pinews.com.br\/index.php\/wp-json\/wp\/v2\/types\/post"}],"author":[{"embeddable":true,"href":"https:\/\/pinews.com.br\/index.php\/wp-json\/wp\/v2\/users\/1"}],"replies":[{"embeddable":true,"href":"https:\/\/pinews.com.br\/index.php\/wp-json\/wp\/v2\/comments?post=24558"}],"version-history":[{"count":0,"href":"https:\/\/pinews.com.br\/index.php\/wp-json\/wp\/v2\/posts\/24558\/revisions"}],"wp:featuredmedia":[{"embeddable":true,"href":"https:\/\/pinews.com.br\/index.php\/wp-json\/"}],"wp:attachment":[{"href":"https:\/\/pinews.com.br\/index.php\/wp-json\/wp\/v2\/media?parent=24558"}],"wp:term":[{"taxonomy":"category","embeddable":true,"href":"https:\/\/pinews.com.br\/index.php\/wp-json\/wp\/v2\/categories?post=24558"},{"taxonomy":"post_tag","embeddable":true,"href":"https:\/\/pinews.com.br\/index.php\/wp-json\/wp\/v2\/tags?post=24558"}],"curies":[{"name":"wp","href":"https:\/\/api.w.org\/{rel}","templated":true}]}}