{"id":24563,"date":"2021-07-20T10:01:03","date_gmt":"2021-07-20T13:01:03","guid":{"rendered":"https:\/\/pinews.com.br\/?p=24563"},"modified":"2021-07-20T10:01:03","modified_gmt":"2021-07-20T13:01:03","slug":"veiculo-capota-e-deixa-transito-lento-na-br-343-no-piaui","status":"publish","type":"post","link":"https:\/\/pinews.com.br\/index.php\/2021\/07\/20\/veiculo-capota-e-deixa-transito-lento-na-br-343-no-piaui\/","title":{"rendered":"Ve\u00edculo capota e deixa tr\u00e2nsito lento na BR 343, no Piau\u00ed"},"content":{"rendered":"\n<p>Um carro capotou nas primeiras horas da manh\u00e3 desta ter\u00e7a-feira (20) na BR 343, nas proximidades do bairro Recanto das Palmeiras, zona sudeste de Teresina. Por causa do acidente, o tr\u00e2nsito ficou lento no local e os motoristas tiveram dificuldades.<\/p>\n\n\n\n<p>De acordo com informa\u00e7\u00f5es repassadas pela Pol\u00edcia Rodovi\u00e1ria Federal, o acidente aconteceu por volta das 5h15, no sentido crescente da via. O condutor informou que um animal atravessou a pista, o que o fez perder o controle, colidir com um poste e capotar o carro.<\/p>\n\n\n\n<p>Al\u00e9m do condutor, tamb\u00e9m estavam no ve\u00edculo a esposa e dois filhos. Segundo a PRF, ningu\u00e9m se feriu e os preju\u00edzos foram apenas materiais.<\/p>\n\n\n\n<p>O ve\u00edculo foi retirado com aux\u00edlio de um reboque. A via foi liberada por volta das 7h40.<\/p>\n\n\n\n<figure class=\"wp-block-embed-youtube wp-block-embed is-type-video is-provider-youtube wp-embed-aspect-16-9 wp-has-aspect-ratio\"><div class=\"wp-block-embed__wrapper\">\n<iframe loading=\"lazy\" title=\"Motorista perde controle do ve\u00edculo e capota na BR 343\" width=\"1170\" height=\"658\" src=\"https:\/\/www.youtube.com\/embed\/9MafI9OWioQ?feature=oembed\" frameborder=\"0\" allow=\"accelerometer; autoplay; clipboard-write; encrypted-media; gyroscope; picture-in-picture; web-share\" allowfullscreen><\/iframe>\n<\/div><\/figure>\n\n\n\n<p><strong>Fonte: Cidade Verde\/ Com informa\u00e7\u00f5es do Not\u00edcia da Manh\u00e3<\/strong><\/p>\n","protected":false},"excerpt":{"rendered":"<p>Um carro capotou nas primeiras horas da manh\u00e3 desta ter\u00e7a-feira (20) na BR 343, nas proximidades do bairro Recanto das Palmeiras, zona sudeste de Teresina. Por causa do acidente, o tr\u00e2nsito ficou lento no local e os motoristas tiveram dificuldades. De acordo com informa\u00e7\u00f5es repassadas pela Pol\u00edcia Rodovi\u00e1ria Federal, o acidente aconteceu por volta das [&hellip;]<\/p>\n","protected":false},"author":1,"featured_media":24564,"comment_status":"open","ping_status":"open","sticky":false,"template":"","format":"standard","meta":{"beyondwords_generate_audio":"","beyondwords_project_id":"","beyondwords_podcast_id":"","beyondwords_hash":"","beyondwords_error_message":"","beyondwords_disabled":"","publish_post_to_speechkit":"","speechkit_generate_audio":"","speechkit_project_id":"","speechkit_podcast_id":"","speechkit_hash":"","speechkit_error_message":"","speechkit_disabled":"","speechkit_access_key":"","speechkit_error":"","speechkit_info":"","speechkit_response":"","speechkit_retries":"","_speechkit_link":"","_speechkit_text":""},"categories":[51,81],"tags":[5563,403,868,252,7118,91,52,233,158],"jetpack_featured_media_url":"","_links":{"self":[{"href":"https:\/\/pinews.com.br\/index.php\/wp-json\/wp\/v2\/posts\/24563"}],"collection":[{"href":"https:\/\/pinews.com.br\/index.php\/wp-json\/wp\/v2\/posts"}],"about":[{"href":"https:\/\/pinews.com.br\/index.php\/wp-json\/wp\/v2\/types\/post"}],"author":[{"embeddable":true,"href":"https:\/\/pinews.com.br\/index.php\/wp-json\/wp\/v2\/users\/1"}],"replies":[{"embeddable":true,"href":"https:\/\/pinews.com.br\/index.php\/wp-json\/wp\/v2\/comments?post=24563"}],"version-history":[{"count":0,"href":"https:\/\/pinews.com.br\/index.php\/wp-json\/wp\/v2\/posts\/24563\/revisions"}],"wp:featuredmedia":[{"embeddable":true,"href":"https:\/\/pinews.com.br\/index.php\/wp-json\/"}],"wp:attachment":[{"href":"https:\/\/pinews.com.br\/index.php\/wp-json\/wp\/v2\/media?parent=24563"}],"wp:term":[{"taxonomy":"category","embeddable":true,"href":"https:\/\/pinews.com.br\/index.php\/wp-json\/wp\/v2\/categories?post=24563"},{"taxonomy":"post_tag","embeddable":true,"href":"https:\/\/pinews.com.br\/index.php\/wp-json\/wp\/v2\/tags?post=24563"}],"curies":[{"name":"wp","href":"https:\/\/api.w.org\/{rel}","templated":true}]}}