{"id":24573,"date":"2021-07-20T10:21:54","date_gmt":"2021-07-20T13:21:54","guid":{"rendered":"https:\/\/pinews.com.br\/?p=24573"},"modified":"2021-07-20T10:21:54","modified_gmt":"2021-07-20T13:21:54","slug":"avo-e-neta-de-13-anos-sao-encontradas-mortas-dentro-de-casa-em-timon","status":"publish","type":"post","link":"https:\/\/pinews.com.br\/index.php\/2021\/07\/20\/avo-e-neta-de-13-anos-sao-encontradas-mortas-dentro-de-casa-em-timon\/","title":{"rendered":"Av\u00f3 e neta de 13 anos s\u00e3o encontradas mortas dentro de casa em Timon"},"content":{"rendered":"\n<p>Peritos criminais retornaram, na manh\u00e3 desta segunda-feira (19),&nbsp; \u00e0 casa onde uma av\u00f3 e uma neta foram encontradas mortas no bairro Centro Oper\u00e1rio, em Timon. O caso est\u00e1 sendo investigado pelo Departamento de Homic\u00eddios e Prote\u00e7\u00e3o \u00e0 Pessoas (DHPP) do munic\u00edpio vizinho.<br>&nbsp;<br>A mulher, Marilene Muniz da Silva, 48, e a neta, adolescente de 13 anos, foram achadas mortas no quarto da resid\u00eancia na manh\u00e3 deste domingo (18). A av\u00f3 foi morta a facadas e a neta empendurada com uma corda no pesco\u00e7o.&nbsp;<\/p>\n\n\n\n<p>Para a Pol\u00edcia Civil, o caso ainda \u00e9 um mist\u00e9rio. N\u00e3o \u00e9 poss\u00edvel afirmar se trata de uma duplo homic\u00eddio ou homic\u00eddio seguido de suic\u00eddio. O delegado Ant\u00f4nio Valente disse ao&nbsp;<em><strong>Cidadeverde.com<\/strong><\/em>&nbsp;que s\u00f3 poder\u00e1 esclarecer o que houve no local ap\u00f3s os laudos periciais.&nbsp;<\/p>\n\n\n\n<p>\u201cN\u00e3o sabemos o que houve. S\u00f3 com os laudos&nbsp; periciais, inclusive, o perito retornou ao local hoje\u201d, disse o delegado.<\/p>\n\n\n\n<p>Populares relataram \u00e0 Pol\u00edcia Militar de Timon que n\u00e3o ouviram gritos nem viram&nbsp; brigas na resid\u00eancia onde as duas foram encontradas mortas.&nbsp;<\/p>\n\n\n\n<p>O caso ser\u00e1 investigado pelo DHPP&nbsp; de Timon.<\/p>\n\n\n\n<p><br><strong>Fonte: Izabella Pimentel\/ Cidade Verde<\/strong><\/p>\n","protected":false},"excerpt":{"rendered":"<p>Peritos criminais retornaram, na manh\u00e3 desta segunda-feira (19),&nbsp; \u00e0 casa onde uma av\u00f3 e uma neta foram encontradas mortas no bairro Centro Oper\u00e1rio, em Timon. O caso est\u00e1 sendo investigado pelo Departamento de Homic\u00eddios e Prote\u00e7\u00e3o \u00e0 Pessoas (DHPP) do munic\u00edpio vizinho.&nbsp;A mulher, Marilene Muniz da Silva, 48, e a neta, adolescente de 13 anos, [&hellip;]<\/p>\n","protected":false},"author":1,"featured_media":24574,"comment_status":"open","ping_status":"open","sticky":false,"template":"","format":"standard","meta":{"beyondwords_generate_audio":"","beyondwords_project_id":"","beyondwords_podcast_id":"","beyondwords_hash":"","beyondwords_error_message":"","beyondwords_disabled":"","publish_post_to_speechkit":"","speechkit_generate_audio":"","speechkit_project_id":"","speechkit_podcast_id":"","speechkit_hash":"","speechkit_error_message":"","speechkit_disabled":"","speechkit_access_key":"","speechkit_error":"","speechkit_info":"","speechkit_response":"","speechkit_retries":"","_speechkit_link":"","_speechkit_text":""},"categories":[134,78],"tags":[426,82,1393,149,44,192,46,6273,1314,6442,362,2127],"jetpack_featured_media_url":"","_links":{"self":[{"href":"https:\/\/pinews.com.br\/index.php\/wp-json\/wp\/v2\/posts\/24573"}],"collection":[{"href":"https:\/\/pinews.com.br\/index.php\/wp-json\/wp\/v2\/posts"}],"about":[{"href":"https:\/\/pinews.com.br\/index.php\/wp-json\/wp\/v2\/types\/post"}],"author":[{"embeddable":true,"href":"https:\/\/pinews.com.br\/index.php\/wp-json\/wp\/v2\/users\/1"}],"replies":[{"embeddable":true,"href":"https:\/\/pinews.com.br\/index.php\/wp-json\/wp\/v2\/comments?post=24573"}],"version-history":[{"count":0,"href":"https:\/\/pinews.com.br\/index.php\/wp-json\/wp\/v2\/posts\/24573\/revisions"}],"wp:featuredmedia":[{"embeddable":true,"href":"https:\/\/pinews.com.br\/index.php\/wp-json\/"}],"wp:attachment":[{"href":"https:\/\/pinews.com.br\/index.php\/wp-json\/wp\/v2\/media?parent=24573"}],"wp:term":[{"taxonomy":"category","embeddable":true,"href":"https:\/\/pinews.com.br\/index.php\/wp-json\/wp\/v2\/categories?post=24573"},{"taxonomy":"post_tag","embeddable":true,"href":"https:\/\/pinews.com.br\/index.php\/wp-json\/wp\/v2\/tags?post=24573"}],"curies":[{"name":"wp","href":"https:\/\/api.w.org\/{rel}","templated":true}]}}