{"id":24578,"date":"2021-07-20T10:19:51","date_gmt":"2021-07-20T13:19:51","guid":{"rendered":"https:\/\/pinews.com.br\/?p=24578"},"modified":"2021-07-20T10:19:51","modified_gmt":"2021-07-20T13:19:51","slug":"video-mostra-momento-em-que-diarista-pula-do-apartamento-de-advogado","status":"publish","type":"post","link":"https:\/\/pinews.com.br\/index.php\/2021\/07\/20\/video-mostra-momento-em-que-diarista-pula-do-apartamento-de-advogado\/","title":{"rendered":"V\u00eddeo mostra momento em que diarista pula do apartamento de advogado"},"content":{"rendered":"\n<p>C\u00e2meras de seguran\u00e7a registraram a movimenta\u00e7\u00e3o na \u00faltima quarta-feira (14) no interior do condom\u00ednio onde mora o advogado Jefferson Moura Costa, suspeito de estuprar uma diarista de 29 anos e de crimes de importuna\u00e7\u00e3o contra outras duas mulheres.&nbsp;<\/p>\n\n\n\n<p>Nas imagens que o Cidadeverde.com teve acesso \u00e9 poss\u00edvel ver o momento em que a v\u00edtima chega ao local acompanhada do suspeito e quando ela, desesperada, pula da varanda e sai correndo em busca de ajuda.<\/p>\n\n\n\n<p>A diarista e o advogado chegam ao condom\u00ednio \u00e0s 15h07. Nas imagens \u00e9 poss\u00edvel ver os dois caminhando pelo estacionamento do pr\u00e9dio e entrando pela porta de acesso a escada e aos apartamentos.&nbsp;<\/p>\n\n\n\n<p>\u00c0s 17h03 \u00e9 poss\u00edvel ver a movimenta\u00e7\u00e3o da diarista na varanda do apartamento. Ela olha v\u00e1rias vezes para baixo, at\u00e9 que, \u00e0s 17h04, consegue passar para a varanda de outro apartamento no mesmo andar e pular at\u00e9 o estacionamento do condom\u00ednio.&nbsp;<\/p>\n\n\n\n<p>Segundos depois, a diarista passa correndo pelo hall de entrada do condom\u00ednio e chega&nbsp; a esbarrar em um morador que entrava no pr\u00e9dio.&nbsp;<\/p>\n\n\n\n<p>\u00c0s 17h05 a v\u00edtima j\u00e1 aparece j\u00e1 aparece do lado de fora do condom\u00ednio, na rua que passa em frente.&nbsp;<\/p>\n\n\n\n<p>As imagens correspondem ao relato feito pela v\u00edtima em depoimento \u00e0 delegada Vilma Alves, titular da Delegacia da Mulher do Centro de Teresina. Na quinta-feira, um dia ap\u00f3s o crime, ela relatou os momentos de terror que viveu enquanto esteve no apartamento do advogado Jefferson Moura Costa. <\/p>\n\n\n\n<figure class=\"wp-block-embed-youtube wp-block-embed is-type-video is-provider-youtube wp-embed-aspect-16-9 wp-has-aspect-ratio\"><div class=\"wp-block-embed__wrapper\">\n<iframe loading=\"lazy\" title=\"C\u00e2meras registram momento em que diarista foge de apartamento\" width=\"1170\" height=\"658\" src=\"https:\/\/www.youtube.com\/embed\/Q4T1cc3aljI?feature=oembed\" frameborder=\"0\" allow=\"accelerometer; autoplay; clipboard-write; encrypted-media; gyroscope; picture-in-picture; web-share\" allowfullscreen><\/iframe>\n<\/div><\/figure>\n\n\n\n<p><strong>Nova den\u00fancia<\/strong><\/p>\n\n\n\n<p>Uma terapeuta procurou a Delegacia da Mulher do centro de Teresina para denunciar o advogado Jefferson Moura Costa,&nbsp;suspeito de estuprar uma faxineira em um apartamento da zona leste de Teresina.&nbsp;Ela \u00e9 a terceira v\u00edtima a formalizar den\u00fancia contra o advogado, desde a pris\u00e3o efetuada na \u00faltima quarta-feira (14).&nbsp;<\/p>\n\n\n\n<p>O caso, que teria no local de trabalho da v\u00edtima, foi registrado com importuna\u00e7\u00e3o sexual. De acordo com o relato, Jefferson conhecia a terapeuta e a contratou para um atendimento, onde acabou praticando o ass\u00e9dio.&nbsp;<\/p>\n\n\n\n<p>A delegada Vilma Alves ressaltou que a mulher s\u00f3 tomou coragem para fazer a den\u00fancia ap\u00f3s ouvir o relato das outras v\u00edtimas, uma faxineira de 29 anos e uma vendedora de produtos naturais, que tamb\u00e9m formalizaram den\u00fancias contra Jefferson Moura Castro.&nbsp;<\/p>\n\n\n\n<p>&#8220;\u00c9 um caso de importuna\u00e7\u00e3o sexual que aconteceu no ambiente de trabalho dela. Ela ficou com medo, por ele ser um advogado, mas teve coragem e veio fazer esse registro na sexta-feira&#8221;, contou a delegada, que ressaltou ainda que o perfil das v\u00edtimas \u00e9 bem parecido, mulheres e jovens.&nbsp;<\/p>\n\n\n\n<figure class=\"wp-block-image\"><img decoding=\"async\" src=\"https:\/\/cidadeverde.com\/assets\/uploads\/noticias\/abca0a9cc19d8427fe27943356b8fece.jpg\" alt=\"\"\/><figcaption><em>Foto: Roberta Aline\/Cidadeverde.com <\/em><\/figcaption><\/figure>\n\n\n\n<p>Ainda de acordo com a delegada Vilma Alves, uma quarta v\u00edtima do advogado \u00e9 aguardada para formalizar a den\u00fancia contra ele ainda nesta segunda-feira(19), na Delegacia da Mulher do Centro de Teresina.&nbsp;<\/p>\n\n\n\n<p>Outras tr\u00eas mulheres, funcion\u00e1rias de um supermercado na zona leste de Teresina, que tamb\u00e9m teriam sido v\u00edtimas de importuna\u00e7\u00e3o sexual por parte do advogado s\u00e3o aguardadas para formalizar a den\u00fancia. A informa\u00e7\u00e3o foi repassada ao Cidadeverde.com pelo delegado Ademar Canabrava, titular do 12\u00ba Distrito Policial.&nbsp;<\/p>\n\n\n\n<figure class=\"wp-block-image\"><img decoding=\"async\" src=\"https:\/\/cidadeverde.com\/assets\/uploads\/noticias\/e2173b7b9dc7465d4fa27929c128f9a8.jpg\" alt=\"\"\/><figcaption>Advogado Jefferson Moura\/ Foto: Reprodu\u00e7\u00e3o\/Instagram<\/figcaption><\/figure>\n\n\n\n<p><strong>Transfer\u00eancia<\/strong><\/p>\n\n\n\n<p>Jefferson Moura Costa foi transferido na \u00faltima sexta-feira(16) para a penitenci\u00e1ria Irm\u00e3o Guido, em Teresina, onde deve permanecer enquanto durar a pris\u00e3o preventiva decretada pelo juiz da Central de Inqu\u00e9ritos de Teresina.<\/p>\n\n\n\n<p>Anteriormente, ele estava custodiado em uma cela do 12\u00ba Distrito Policial, no bairro Ininga,zona leste, para onde foi levado ap\u00f3s deixar a Central de Flagrantes na \u00faltima quarta-feira, quando foi preso por suspeita de estuprar a diarista.&nbsp;<\/p>\n\n\n\n<p>A Pol\u00edcia Civil aguarda a coleta de depoimentos e a formaliza\u00e7\u00e3o de mais den\u00fancias para concluir o inqu\u00e9rito contra o advogado, de 45 anos. <\/p>\n\n\n\n<p><br><strong>Fonte: Natanael Souza\/ Cidade Verde<\/strong><\/p>\n","protected":false},"excerpt":{"rendered":"<p>C\u00e2meras de seguran\u00e7a registraram a movimenta\u00e7\u00e3o na \u00faltima quarta-feira (14) no interior do condom\u00ednio onde mora o advogado Jefferson Moura Costa, suspeito de estuprar uma diarista de 29 anos e de crimes de importuna\u00e7\u00e3o contra outras duas mulheres.&nbsp; Nas imagens que o Cidadeverde.com teve acesso \u00e9 poss\u00edvel ver o momento em que a v\u00edtima chega [&hellip;]<\/p>\n","protected":false},"author":1,"featured_media":24579,"comment_status":"open","ping_status":"open","sticky":false,"template":"","format":"standard","meta":{"beyondwords_generate_audio":"","beyondwords_project_id":"","beyondwords_podcast_id":"","beyondwords_hash":"","beyondwords_error_message":"","beyondwords_disabled":"","publish_post_to_speechkit":"","speechkit_generate_audio":"","speechkit_project_id":"","speechkit_podcast_id":"","speechkit_hash":"","speechkit_error_message":"","speechkit_disabled":"","speechkit_access_key":"","speechkit_error":"","speechkit_info":"","speechkit_response":"","speechkit_retries":"","_speechkit_link":"","_speechkit_text":""},"categories":[51,78,81],"tags":[325,925,44,7544,46,8744,65,6637,67],"jetpack_featured_media_url":"","_links":{"self":[{"href":"https:\/\/pinews.com.br\/index.php\/wp-json\/wp\/v2\/posts\/24578"}],"collection":[{"href":"https:\/\/pinews.com.br\/index.php\/wp-json\/wp\/v2\/posts"}],"about":[{"href":"https:\/\/pinews.com.br\/index.php\/wp-json\/wp\/v2\/types\/post"}],"author":[{"embeddable":true,"href":"https:\/\/pinews.com.br\/index.php\/wp-json\/wp\/v2\/users\/1"}],"replies":[{"embeddable":true,"href":"https:\/\/pinews.com.br\/index.php\/wp-json\/wp\/v2\/comments?post=24578"}],"version-history":[{"count":0,"href":"https:\/\/pinews.com.br\/index.php\/wp-json\/wp\/v2\/posts\/24578\/revisions"}],"wp:featuredmedia":[{"embeddable":true,"href":"https:\/\/pinews.com.br\/index.php\/wp-json\/"}],"wp:attachment":[{"href":"https:\/\/pinews.com.br\/index.php\/wp-json\/wp\/v2\/media?parent=24578"}],"wp:term":[{"taxonomy":"category","embeddable":true,"href":"https:\/\/pinews.com.br\/index.php\/wp-json\/wp\/v2\/categories?post=24578"},{"taxonomy":"post_tag","embeddable":true,"href":"https:\/\/pinews.com.br\/index.php\/wp-json\/wp\/v2\/tags?post=24578"}],"curies":[{"name":"wp","href":"https:\/\/api.w.org\/{rel}","templated":true}]}}