{"id":24582,"date":"2021-07-20T10:27:10","date_gmt":"2021-07-20T13:27:10","guid":{"rendered":"https:\/\/pinews.com.br\/?p=24582"},"modified":"2021-07-20T10:27:10","modified_gmt":"2021-07-20T13:27:10","slug":"piaui-anuncia-vacinacao-para-adolescentes-de-12-a-18-anos-com-comorbidades","status":"publish","type":"post","link":"https:\/\/pinews.com.br\/index.php\/2021\/07\/20\/piaui-anuncia-vacinacao-para-adolescentes-de-12-a-18-anos-com-comorbidades\/","title":{"rendered":"Piau\u00ed anuncia vacina\u00e7\u00e3o para adolescentes de 12 a 18 anos com comorbidades"},"content":{"rendered":"\n<p>Adolescentes acima de 12 anos que tenham comorbidades espec\u00edficas v\u00e3o se vacinar contra Covid-19 no Piau\u00ed. O an\u00fancio foi feito na manh\u00e3 desta ter\u00e7a-feira (20) pelo secret\u00e1rio de Sa\u00fade, Florentino Neto, que tamb\u00e9m informou que os adolescentes v\u00e3o tomar a vacina da Pfizer, a \u00fanica que pode ser aplicada em menores de 18 anos no Brasil, por autoriza\u00e7\u00e3o da Anvisa.<\/p>\n\n\n\n<p>A vacina\u00e7\u00e3o dos adolescentes de 12 a 18 anos entrar\u00e1 na cota de 30% das vacinas destinadas no Piau\u00ed \u00e0s pessoas com comorbidades e que est\u00e3o relacionadas no Plano Nacional de Imuniza\u00e7\u00e3o (PNI) como priorit\u00e1rias para a imuniza\u00e7\u00e3o contra a Covid-19. \u00c9 necess\u00e1rio apresenta\u00e7\u00e3o do laudo m\u00e9dico no ato da vacina\u00e7\u00e3o.&nbsp;<\/p>\n\n\n\n<p>A Sesapi deve divulgar nas pr\u00f3ximas horas uma orienta\u00e7\u00e3o aos munic\u00edpios regulamentando a vacina\u00e7\u00e3o deste publico no Piau\u00ed, bem como anunciando quais comorbidades v\u00e3o ser contempladas com a imuniza\u00e7\u00e3o entre os adolescentes.&nbsp;<\/p>\n\n\n\n<p>O secret\u00e1rio de Sa\u00fade considera que a vacina\u00e7\u00e3o dos adolescentes com 12 anos ou mais com comorbidades e defici\u00eancias permanentes \u00e9 um passo \u00e0 frente na imuniza\u00e7\u00e3o de toda popula\u00e7\u00e3o.&nbsp;<\/p>\n\n\n\n<p>\u201cEsse tema tem sido tratado pelo Governo do Estado h\u00e1 muito tempo. O governador Wellington Dias levantou a pauta da vacina\u00e7\u00e3o dos adolescentes no F\u00f3rum Nacional de Governadores. A vacina\u00e7\u00e3o dos adolescentes sempre foi uma grande preocupa\u00e7\u00e3o para n\u00f3s. As comorbidades e defici\u00eancias permanentes&nbsp; deixam as crian\u00e7as mais expostas ao risco de contrair a doen\u00e7a e a vacina \u00e9 a nossa esperan\u00e7a de proteg\u00ea-las contra a Covid-19. Continuamos no enfretamento a doen\u00e7a com todo o rigor \u201d, disse o secret\u00e1rio.&nbsp;<\/p>\n\n\n\n<p>Ainda na avalia\u00e7\u00e3o do secret\u00e1rio, a imuniza\u00e7\u00e3o dos adolescentes com comorbidades vai dar maior seguran\u00e7a \u00e0s fam\u00edlias para o retorno \u00e0s aulas.<\/p>\n\n\n\n<p>&#8220;Estamos voltando \u00e0s aulas com professores vacinados e esse grupo com defici\u00eancia e comorbidade ficaria de fora. S\u00e3o crian\u00e7as que necessitam da escola como meio educacional, conviv\u00eancia social e estimula\u00e7\u00e3o&#8221;, afirmou Florentino Neto.&nbsp;<\/p>\n\n\n\n<p>De acordo com o vacin\u00f4metro, plataforma do governo estadual que mostra o avan\u00e7o da vacina\u00e7\u00e3o no estado, o Piau\u00ed j\u00e1 aplicou 1.195.712 (D1), sendo 413.844 (D2) e 37.362 (D2). Para acompanhar a evolu\u00e7\u00e3o da vacina\u00e7\u00e3o basta acessar www.saude.pi.gov.br\/vacinometro.<\/p>\n\n\n\n<p><br><strong>Fonte: Natanael Souza\/ Cidade Verde\/ Com informa\u00e7\u00f5es da Sesapi<\/strong><\/p>\n","protected":false},"excerpt":{"rendered":"<p>Adolescentes acima de 12 anos que tenham comorbidades espec\u00edficas v\u00e3o se vacinar contra Covid-19 no Piau\u00ed. O an\u00fancio foi feito na manh\u00e3 desta ter\u00e7a-feira (20) pelo secret\u00e1rio de Sa\u00fade, Florentino Neto, que tamb\u00e9m informou que os adolescentes v\u00e3o tomar a vacina da Pfizer, a \u00fanica que pode ser aplicada em menores de 18 anos no [&hellip;]<\/p>\n","protected":false},"author":1,"featured_media":22913,"comment_status":"open","ping_status":"open","sticky":false,"template":"","format":"standard","meta":{"beyondwords_generate_audio":"","beyondwords_project_id":"","beyondwords_podcast_id":"","beyondwords_hash":"","beyondwords_error_message":"","beyondwords_disabled":"","publish_post_to_speechkit":"","speechkit_generate_audio":"","speechkit_project_id":"","speechkit_podcast_id":"","speechkit_hash":"","speechkit_error_message":"","speechkit_disabled":"","speechkit_access_key":"","speechkit_error":"","speechkit_info":"","speechkit_response":"","speechkit_retries":"","_speechkit_link":"","_speechkit_text":""},"categories":[51,1288],"tags":[191,981,597,82,3195,7893,44,350,52,347],"jetpack_featured_media_url":"","_links":{"self":[{"href":"https:\/\/pinews.com.br\/index.php\/wp-json\/wp\/v2\/posts\/24582"}],"collection":[{"href":"https:\/\/pinews.com.br\/index.php\/wp-json\/wp\/v2\/posts"}],"about":[{"href":"https:\/\/pinews.com.br\/index.php\/wp-json\/wp\/v2\/types\/post"}],"author":[{"embeddable":true,"href":"https:\/\/pinews.com.br\/index.php\/wp-json\/wp\/v2\/users\/1"}],"replies":[{"embeddable":true,"href":"https:\/\/pinews.com.br\/index.php\/wp-json\/wp\/v2\/comments?post=24582"}],"version-history":[{"count":0,"href":"https:\/\/pinews.com.br\/index.php\/wp-json\/wp\/v2\/posts\/24582\/revisions"}],"wp:featuredmedia":[{"embeddable":true,"href":"https:\/\/pinews.com.br\/index.php\/wp-json\/"}],"wp:attachment":[{"href":"https:\/\/pinews.com.br\/index.php\/wp-json\/wp\/v2\/media?parent=24582"}],"wp:term":[{"taxonomy":"category","embeddable":true,"href":"https:\/\/pinews.com.br\/index.php\/wp-json\/wp\/v2\/categories?post=24582"},{"taxonomy":"post_tag","embeddable":true,"href":"https:\/\/pinews.com.br\/index.php\/wp-json\/wp\/v2\/tags?post=24582"}],"curies":[{"name":"wp","href":"https:\/\/api.w.org\/{rel}","templated":true}]}}