{"id":24595,"date":"2021-07-20T19:00:20","date_gmt":"2021-07-20T22:00:20","guid":{"rendered":"https:\/\/pinews.com.br\/?p=24595"},"modified":"2021-07-20T19:00:20","modified_gmt":"2021-07-20T22:00:20","slug":"estudo-aponta-que-variante-gamma-do-coronavirus-e-predominante-no-piaui","status":"publish","type":"post","link":"https:\/\/pinews.com.br\/index.php\/2021\/07\/20\/estudo-aponta-que-variante-gamma-do-coronavirus-e-predominante-no-piaui\/","title":{"rendered":"Estudo aponta que variante Gamma do coronav\u00edrus \u00e9 predominante no Piau\u00ed"},"content":{"rendered":"\n<p>Estudos divulgados nesta ter\u00e7a-feira (20) pelo Laborat\u00f3rio Central de Sa\u00fade P\u00fablica do Piau\u00ed (LACEN-PI), apontam a predomin\u00e2ncia no Piau\u00ed da variante do coronav\u00edrus Gamma [P1 Amaz\u00f4nica].<\/p>\n\n\n\n<p>A pesquisa se refere a resultado do sequenciamento gen\u00e9tico de amostras enviadas ao Laborat\u00f3rio Central da Bahia (LACEN-Bahia) por meio do projeto do Minist\u00e9rio da Sa\u00fade que investiga muta\u00e7\u00f5es e diferentes linhagens do SARS-CoV-2 em circula\u00e7\u00e3o no Brasil.&nbsp;<\/p>\n\n\n\n<p>A diretora do Lacen-Piau\u00ed, Walterlene Carvalho, explica que n\u00e3o foram identificadas nas an\u00e1lises enviadas as variantes Alfa (Reino Unido \u2013 B.1.1.17), Beta (\u00c1frica do Sul \u2013 B.1.351) e Delta (\u00cdndia &#8211; B.1.617.2).&nbsp;<\/p>\n\n\n\n<p>Os resultados mostram que do in\u00edcio da pandemia em mar\u00e7o de 2020 a outubro de 2020 prevaleceram no Piau\u00ed as linhagens B.1.1.28 e B.1.1.33, que s\u00e3o comuns em todo Brasil.&nbsp;<\/p>\n\n\n\n<p>\u201cEssa condi\u00e7\u00e3o foi mudando a partir de novembro de 2020 com introdu\u00e7\u00e3o de linhagens como a B.1.212 (1 registro em S\u00e3o Jo\u00e3o do Piau\u00ed), N9 identificada em um paciente vindo de Bras\u00edlia-DF (1) e pacientes de Teresina (3), Uni\u00e3o (1) e S\u00e3o Jo\u00e3o da Canabrava (1), P1 (variante Gamma) presente em v\u00e1rios munic\u00edpios e a variante de interesse Zeta (P2) encontrada em Teresina (1) e Beneditinos (1). Neste sequenciamento nos obtivemos o mesmo resultado do \u00faltimo sequenciamento\u201d, diz nota do LACEN.<br>&nbsp;<br>Segundo diretora do Lacen, Walterlene Carvalho, o sequenciamento mostra ainda que houve uma substitui\u00e7\u00e3o de linhagens com predom\u00ednio total da variante Gamma (P1) que de mar\u00e7o a maio de 2021 prevaleceu como a \u00fanica linhagem detectada no Piau\u00ed at\u00e9 o momento.<\/p>\n\n\n\n<p>Mesmo com a n\u00e3o detec\u00e7\u00e3o de variantes&nbsp; com maior potencial de transmiss\u00e3o, como a Delta, a diretora do LACEN alerta que \u00e9 preciso que os protocolos de seguran\u00e7a continuem sendo cumpridos e que o momento da pandemia ainda exige cautela.<\/p>\n\n\n\n<p>\u201cAo menos 97 casos de infec\u00e7\u00e3o pela variante Delta, cepa mais transmiss\u00edvel do coronav\u00edrus, foram notificados no pa\u00eds, dos quais cinco resultaram em mortes. Os dados foram informados pelo Minist\u00e9rio da Sa\u00fade ontem. Os registros foram feitos em sete estados, mas os \u00f3bitos foram no Paran\u00e1 e no Maranh\u00e3o. O Rio de Janeiro \u00e9 o Estado com mais casos, 74. Na capital fluminense, o n\u00famero saltou de sete, na sexta-feira (16), para 23 no s\u00e1bado (17). O minist\u00e9rio informou ainda que h\u00e1 registros de um contaminado em Minas, dois em Goi\u00e1s, tr\u00eas em S\u00e3o Paulo e dois em Pernambuco. O sequenciamento n\u00e3o \u00e9 exame de diagn\u00f3stico. O protocolo deve continuar sendo cumprido. A necessidade de ado\u00e7\u00f5es da vacina\u00e7\u00e3o, o uso de m\u00e1scaras, higieniza\u00e7\u00e3o das m\u00e3os e evitar aglomera\u00e7\u00f5es devem continuar sendo seguindo de forma rigorosa principalmente neste per\u00edodo de f\u00e9rias onde as pessoas transitam em estados vizinhos. Por\u00e9m \u00e9 necess\u00e1rio sabermos quais as cepas circulam em nosso estado, para entender a situa\u00e7\u00e3o da pandemia\u201d, explica a&nbsp; diretora.<\/p>\n\n\n\n<p><strong>Fonte: Izabella Pimentel\/ Cidade Verde<\/strong><\/p>\n","protected":false},"excerpt":{"rendered":"<p>Estudos divulgados nesta ter\u00e7a-feira (20) pelo Laborat\u00f3rio Central de Sa\u00fade P\u00fablica do Piau\u00ed (LACEN-PI), apontam a predomin\u00e2ncia no Piau\u00ed da variante do coronav\u00edrus Gamma [P1 Amaz\u00f4nica]. A pesquisa se refere a resultado do sequenciamento gen\u00e9tico de amostras enviadas ao Laborat\u00f3rio Central da Bahia (LACEN-Bahia) por meio do projeto do Minist\u00e9rio da Sa\u00fade que investiga muta\u00e7\u00f5es [&hellip;]<\/p>\n","protected":false},"author":1,"featured_media":24596,"comment_status":"open","ping_status":"open","sticky":false,"template":"","format":"standard","meta":{"beyondwords_generate_audio":"","beyondwords_project_id":"","beyondwords_podcast_id":"","beyondwords_hash":"","beyondwords_error_message":"","beyondwords_disabled":"","publish_post_to_speechkit":"","speechkit_generate_audio":"","speechkit_project_id":"","speechkit_podcast_id":"","speechkit_hash":"","speechkit_error_message":"","speechkit_disabled":"","speechkit_access_key":"","speechkit_error":"","speechkit_info":"","speechkit_response":"","speechkit_retries":"","_speechkit_link":"","_speechkit_text":""},"categories":[51],"tags":[6097,1952,72,2356,8748,52,8749,7440],"jetpack_featured_media_url":"","_links":{"self":[{"href":"https:\/\/pinews.com.br\/index.php\/wp-json\/wp\/v2\/posts\/24595"}],"collection":[{"href":"https:\/\/pinews.com.br\/index.php\/wp-json\/wp\/v2\/posts"}],"about":[{"href":"https:\/\/pinews.com.br\/index.php\/wp-json\/wp\/v2\/types\/post"}],"author":[{"embeddable":true,"href":"https:\/\/pinews.com.br\/index.php\/wp-json\/wp\/v2\/users\/1"}],"replies":[{"embeddable":true,"href":"https:\/\/pinews.com.br\/index.php\/wp-json\/wp\/v2\/comments?post=24595"}],"version-history":[{"count":0,"href":"https:\/\/pinews.com.br\/index.php\/wp-json\/wp\/v2\/posts\/24595\/revisions"}],"wp:featuredmedia":[{"embeddable":true,"href":"https:\/\/pinews.com.br\/index.php\/wp-json\/"}],"wp:attachment":[{"href":"https:\/\/pinews.com.br\/index.php\/wp-json\/wp\/v2\/media?parent=24595"}],"wp:term":[{"taxonomy":"category","embeddable":true,"href":"https:\/\/pinews.com.br\/index.php\/wp-json\/wp\/v2\/categories?post=24595"},{"taxonomy":"post_tag","embeddable":true,"href":"https:\/\/pinews.com.br\/index.php\/wp-json\/wp\/v2\/tags?post=24595"}],"curies":[{"name":"wp","href":"https:\/\/api.w.org\/{rel}","templated":true}]}}