{"id":24633,"date":"2021-07-22T10:42:39","date_gmt":"2021-07-22T13:42:39","guid":{"rendered":"https:\/\/pinews.com.br\/?p=24633"},"modified":"2021-07-22T10:42:39","modified_gmt":"2021-07-22T13:42:39","slug":"travesti-e-a-setima-presa-pela-morte-de-garotas-que-cavaram-as-proprias-covas-tres-continuam-foragidos","status":"publish","type":"post","link":"https:\/\/pinews.com.br\/index.php\/2021\/07\/22\/travesti-e-a-setima-presa-pela-morte-de-garotas-que-cavaram-as-proprias-covas-tres-continuam-foragidos\/","title":{"rendered":"Travesti \u00e9 a s\u00e9tima presa pela morte de garotas que cavaram as pr\u00f3prias covas; tr\u00eas continuam foragidos"},"content":{"rendered":"\n<p>Wiliane de Sousa Te\u00f3filo, de 21 anos, foi presa na manh\u00e3 desta quinta-feira (22), em um povoado na zona rural de Teresina. Ela \u00e9 uma das pessoas suspeitas de participa\u00e7\u00e3o na morte de duas adolescentes que foram obrigadas a cavar a cova onde foram enterradas em Timon, munic\u00edpio maranhense vizinho \u00e0 capital.<\/p>\n\n\n\n<p>De acordo com a Pol\u00edcia Civil, as v\u00edtimas Joyce Ellen, 15 anos, e Maria Eduarda, 17 anos,&nbsp;foram torturadas, mortas e os corpos enterrados ap\u00f3s serem sentenciadas de morte em um &#8220;tribunal do crime&#8221;, realizado por uma fac\u00e7\u00e3o criminosa.<\/p>\n\n\n\n<p>Ap\u00f3s a pris\u00e3o, Wiliane Te\u00f3filo confessou que teve participa\u00e7\u00e3o ao levar as v\u00edtimas para o local onde foram mortas, mas afirmou que n\u00e3o sabia o que aconteceria com elas.<\/p>\n\n\n\n<p>Dez pessoas foram indiciadas pelos crimes e a pris\u00e3o desta quinta-feira foi a s\u00e9tima ligada ao caso. Antes, seis mulheres j\u00e1 tinham sido presas e, agora, outras tr\u00eas pessoas s\u00e3o consideradas foragidas da Justi\u00e7a, porque t\u00eam mandado de pris\u00e3o expedidos contra elas.<\/p>\n\n\n\n<h2>Requintes de crueldade<\/h2>\n\n\n\n<figure class=\"wp-block-image\"><img decoding=\"async\" src=\"https:\/\/s2.glbimg.com\/uIT7dvek55_mPPFIubyvke7FJ6M=\/0x0:5184x3456\/984x0\/smart\/filters:strip_icc()\/i.s3.glbimg.com\/v1\/AUTH_59edd422c0c84a879bd37670ae4f538a\/internal_photos\/bs\/2021\/5\/A\/E3ZeeQRRAf1wM7ou4NWA\/img-5126.jpg\" alt=\"Delegacia de Homic\u00eddios de Timon \u2014 Foto: Laura Moura\/G1 PI\"\/><figcaption>Delegacia de Homic\u00eddios de Timon \u2014 Foto: Laura Moura\/G1 PI<\/figcaption><\/figure>\n\n\n\n<p>O delegado Ant\u00f4nio Valente, da Delegacia de Homic\u00eddios de Timon, afirmou que as investiga\u00e7\u00f5es chegaram \u00e0 conclus\u00e3o de que o crime foi praticado com requintes de crueldade.<\/p>\n\n\n\n<p>&#8220;Uma das v\u00edtimas pediu para morrer de tiro ou que a enterrassem viva, mas que parassem de bater nela. Os laudos cadav\u00e9ricos apontaram que as adolescentes foram mortas com golpes de faca, taco, p\u00e1 e picareta. Uma delas enterrada ainda viva&#8221;, contou o delegado.<\/p>\n\n\n\n<p>Segundo Ant\u00f4nio Valente,&nbsp;as v\u00edtimas n\u00e3o eram integrantes de fac\u00e7\u00e3o criminosa. No entanto, tr\u00eas das envolvidas no crime conheciam a adolescente Maria Eduarda, do bairro Vila da Paz.<\/p>\n\n\n\n<p>&#8220;A Joyce residia na \u00e1rea da organiza\u00e7\u00e3o rival e postava fotos fazendo men\u00e7\u00e3o apenas por brincadeira. J\u00e1 Maria Eduarda morava na \u00e1rea da organiza\u00e7\u00e3o que a matou, fazia fotos com o s\u00edmbolo da referida fac\u00e7\u00e3o sem ao menos participar e foi executada&#8221;, explicou.<\/p>\n\n\n\n<h2>Pris\u00f5es<\/h2>\n\n\n\n<figure class=\"wp-block-image\"><img decoding=\"async\" src=\"https:\/\/s2.glbimg.com\/flM4Pabmyr97L5OCCCtcW78wBDk=\/0x0:1280x763\/984x0\/smart\/filters:strip_icc()\/i.s3.glbimg.com\/v1\/AUTH_59edd422c0c84a879bd37670ae4f538a\/internal_photos\/bs\/2021\/C\/6\/fQCCrLRk61JQI054tC1w\/whatsapp-image-2021-04-23-at-15.01.31.jpeg\" alt=\"Mulher suspeita de ordenar assassinatos em Timon (MA) \u2014 Foto: Divulga\u00e7\u00e3o \/PC-RS\"\/><figcaption>Mulher suspeita de ordenar assassinatos em Timon (MA) \u2014 Foto: Divulga\u00e7\u00e3o \/PC-RS<\/figcaption><\/figure>\n\n\n\n<p>A primeira suspeita foi presa no dia 23 de abril, na cidade de Carlos Barbosa, no Rio Grande do Sul. Segundo a investiga\u00e7\u00e3o da Pol\u00edcia Civil de Timon, ela seria a pessoa respons\u00e1vel pela manuten\u00e7\u00e3o da \u201cdisciplina\u201d das mulheres que s\u00e3o membros de uma fac\u00e7\u00e3o criminosa. Na casa dela, que fica pr\u00f3ximo ao local onde as garotas foram mortas, a pol\u00edcia encontrou roupas das v\u00edtimas.<\/p>\n\n\n\n<p>Outras duas jovens foram presas no dia 24 de junho em Teresina, suspeitas de participa\u00e7\u00e3o no duplo homic\u00eddio. No dia 28 de junho, uma quarta mulher foi presa suspeita de envolvimento nos crimes. Com ela, os policiais civis apreenderam 44 pedras de crack e foi autuada em flagrante em Teresina. J\u00e1 no dia 13 de julho, outra envolvida no crime foi presa na cidade de Uru\u00e7u\u00ed, Sul do Piau\u00ed.<\/p>\n\n\n\n<p>Na segunda-feira (19), uma sexta suspeita foi presa na cidade de Marab\u00e1, no Par\u00e1. A a\u00e7\u00e3o foi coordenada pela Delegacia de Homic\u00eddios de Timon, com participa\u00e7\u00e3o da Pol\u00edcia Civil do Par\u00e1, al\u00e9m do Departamento de Combate ao Crime Tecnol\u00f3gico.<\/p>\n\n\n\n<h2>Suspeitos foragidos<\/h2>\n\n\n\n<p>Tr\u00eas suspeitos de participa\u00e7\u00e3o no crime est\u00e3o foragidos. S\u00e3o eles: Karina Ellen do Carmo Sousa, de Teresina, Johnny Willer Rodrigues de Souza, um dos l\u00edderes de organiza\u00e7\u00e3o criminosa, que reside em S\u00e3o Lu\u00eds (MA), e Ant\u00f4nio de Deus Pereira, l\u00edder da organiza\u00e7\u00e3o no Piau\u00ed.<\/p>\n\n\n\n<p>O delegado Ant\u00f4nio Valente revelou que a justi\u00e7a tamb\u00e9m concedeu uma contraordem do mandado de pris\u00e3o a outro investigado, l\u00edder de uma organiza\u00e7\u00e3o criminosa, que foi consultado durante as torturas antes das execu\u00e7\u00f5es.<\/p>\n\n\n\n<p>&#8220;As identifica\u00e7\u00f5es e pris\u00f5es s\u00f3 foram poss\u00edveis com ajuda da comunidade e a integra\u00e7\u00e3o das pol\u00edcias do Maranh\u00e3o, Piau\u00ed, Par\u00e1 e Rio Grande do Sul, bem como a atua\u00e7\u00e3o do Minist\u00e9rio P\u00fablico e do Judici\u00e1rio&#8221;, destacou.<\/p>\n\n\n\n<h2>Tribunal do crime<\/h2>\n\n\n\n<p>Segundo a investiga\u00e7\u00e3o da Pol\u00edcia Civil de Timon, as duas v\u00edtimas n\u00e3o eram membros da fac\u00e7\u00e3o, mas se relacionavam com pessoas que eram.<\/p>\n\n\n\n<p>O \u201ccrime\u201d das duas teria sido morar em locais dominados por fac\u00e7\u00f5es rivais e serem amigas. Al\u00e9m disso, as duas teriam gravado v\u00eddeos fazendo com as m\u00e3os os s\u00edmbolos das duas fac\u00e7\u00f5es.<\/p>\n\n\n\n<p>Por conta disso, no final de mar\u00e7o as duas adolescentes, que moravam em Teresina, foram atra\u00eddas para a cidade de Timon, onde foram \u201cjulgadas\u201d pelos membros de uma das fac\u00e7\u00f5es.<\/p>\n\n\n\n<p>Como \u201cpena\u201d, elas tiveram de cavar as pr\u00f3prias covas, foram espancadas com golpes de faca, pauladas, e assassinadas. O crime foi filmado pelos pr\u00f3prios criminosos.<\/p>\n\n\n\n<p><strong>Fonte: G1 PI<\/strong><\/p>\n","protected":false},"excerpt":{"rendered":"<p>Wiliane de Sousa Te\u00f3filo, de 21 anos, foi presa na manh\u00e3 desta quinta-feira (22), em um povoado na zona rural de Teresina. Ela \u00e9 uma das pessoas suspeitas de participa\u00e7\u00e3o na morte de duas adolescentes que foram obrigadas a cavar a cova onde foram enterradas em Timon, munic\u00edpio maranhense vizinho \u00e0 capital. De acordo com [&hellip;]<\/p>\n","protected":false},"author":1,"featured_media":24634,"comment_status":"open","ping_status":"open","sticky":false,"template":"","format":"standard","meta":{"beyondwords_generate_audio":"","beyondwords_project_id":"","beyondwords_podcast_id":"","beyondwords_hash":"","beyondwords_error_message":"","beyondwords_disabled":"","publish_post_to_speechkit":"","speechkit_generate_audio":"","speechkit_project_id":"","speechkit_podcast_id":"","speechkit_hash":"","speechkit_error_message":"","speechkit_disabled":"","speechkit_access_key":"","speechkit_error":"","speechkit_info":"","speechkit_response":"","speechkit_retries":"","_speechkit_link":"","_speechkit_text":""},"categories":[51,78,81],"tags":[8139,8755,8140,44,72,8756,8757,223,103,314,8141,8758,315,239],"jetpack_featured_media_url":"","_links":{"self":[{"href":"https:\/\/pinews.com.br\/index.php\/wp-json\/wp\/v2\/posts\/24633"}],"collection":[{"href":"https:\/\/pinews.com.br\/index.php\/wp-json\/wp\/v2\/posts"}],"about":[{"href":"https:\/\/pinews.com.br\/index.php\/wp-json\/wp\/v2\/types\/post"}],"author":[{"embeddable":true,"href":"https:\/\/pinews.com.br\/index.php\/wp-json\/wp\/v2\/users\/1"}],"replies":[{"embeddable":true,"href":"https:\/\/pinews.com.br\/index.php\/wp-json\/wp\/v2\/comments?post=24633"}],"version-history":[{"count":0,"href":"https:\/\/pinews.com.br\/index.php\/wp-json\/wp\/v2\/posts\/24633\/revisions"}],"wp:featuredmedia":[{"embeddable":true,"href":"https:\/\/pinews.com.br\/index.php\/wp-json\/"}],"wp:attachment":[{"href":"https:\/\/pinews.com.br\/index.php\/wp-json\/wp\/v2\/media?parent=24633"}],"wp:term":[{"taxonomy":"category","embeddable":true,"href":"https:\/\/pinews.com.br\/index.php\/wp-json\/wp\/v2\/categories?post=24633"},{"taxonomy":"post_tag","embeddable":true,"href":"https:\/\/pinews.com.br\/index.php\/wp-json\/wp\/v2\/tags?post=24633"}],"curies":[{"name":"wp","href":"https:\/\/api.w.org\/{rel}","templated":true}]}}