{"id":24671,"date":"2021-07-22T19:37:24","date_gmt":"2021-07-22T22:37:24","guid":{"rendered":"https:\/\/pinews.com.br\/?p=24671"},"modified":"2021-07-22T19:37:24","modified_gmt":"2021-07-22T22:37:24","slug":"dois-presos-sao-encontrados-mortos-em-complexo-prisional-no-piaui","status":"publish","type":"post","link":"https:\/\/pinews.com.br\/index.php\/2021\/07\/22\/dois-presos-sao-encontrados-mortos-em-complexo-prisional-no-piaui\/","title":{"rendered":"Dois presos s\u00e3o encontrados mortos em complexo prisional no Piau\u00ed"},"content":{"rendered":"\n<p>Dois detentos do sistema penitenci\u00e1rio do Piau\u00ed foram encontrados mortos nesta quinta-feira (22), em&nbsp;Altos. De acordo com a Secretaria de Justi\u00e7a (Sejus), os nomes dos presos s\u00e3o: Raimundo Pereira das Neves Filho, de 53 anos, e Ad\u00e3o Francisco Pereira de Mesquita, de 56 anos.<\/p>\n\n\n\n<p>As causas das mortes ainda n\u00e3o foram divulgadas.&nbsp;Procurada pelo&nbsp;G1, a Sejus informou apenas que Raimundo Filho foi encontrado na Unidade de Apoio Prisional (UAP) e Ad\u00e3o de Mesquita na Cadeia P\u00fablica de Altos (CPA).<\/p>\n\n\n\n<p>O Instituto de Medicina Legal (IML) foi acionado e estive nas duas unidades para a remo\u00e7\u00e3o dos corpos, que ser\u00e3o submetidos a per\u00edcia para determinar a causa da morte.<\/p>\n\n\n\n<p>Leia a nota da Sejus:<\/p>\n\n\n\n<p><em>A Secretaria de Estado da Justi\u00e7a informa que o interno Raimundo Pereira das Neves Filho, de 53 anos, foi encontrado morto, na manh\u00e3 desta quinta-feira (22), na Unidade de Apoio Prisional (UAP), em Altos. Na mesma data, o detento Ad\u00e3o Francisco Pereira de Mesquita, de 56 anos, tamb\u00e9m foi encontrado sem vida, na Cadeia P\u00fablica de Altos. As equipes do Instituto M\u00e9dico Legal (IML) estiveram nos dois locais para a remo\u00e7\u00e3o dos corpos e per\u00edcia.<\/em><\/p>\n\n\n\n<p><strong>Fonte: G1 PI<\/strong><\/p>\n","protected":false},"excerpt":{"rendered":"<p>Dois detentos do sistema penitenci\u00e1rio do Piau\u00ed foram encontrados mortos nesta quinta-feira (22), em&nbsp;Altos. De acordo com a Secretaria de Justi\u00e7a (Sejus), os nomes dos presos s\u00e3o: Raimundo Pereira das Neves Filho, de 53 anos, e Ad\u00e3o Francisco Pereira de Mesquita, de 56 anos. As causas das mortes ainda n\u00e3o foram divulgadas.&nbsp;Procurada pelo&nbsp;G1, a Sejus [&hellip;]<\/p>\n","protected":false},"author":1,"featured_media":24672,"comment_status":"open","ping_status":"open","sticky":false,"template":"","format":"standard","meta":{"beyondwords_generate_audio":"","beyondwords_project_id":"","beyondwords_podcast_id":"","beyondwords_hash":"","beyondwords_error_message":"","beyondwords_disabled":"","publish_post_to_speechkit":"","speechkit_generate_audio":"","speechkit_project_id":"","speechkit_podcast_id":"","speechkit_hash":"","speechkit_error_message":"","speechkit_disabled":"","speechkit_access_key":"","speechkit_error":"","speechkit_info":"","speechkit_response":"","speechkit_retries":"","_speechkit_link":"","_speechkit_text":""},"categories":[51,78],"tags":[8487,106,46,896,759,52,600,8772,362],"jetpack_featured_media_url":"","_links":{"self":[{"href":"https:\/\/pinews.com.br\/index.php\/wp-json\/wp\/v2\/posts\/24671"}],"collection":[{"href":"https:\/\/pinews.com.br\/index.php\/wp-json\/wp\/v2\/posts"}],"about":[{"href":"https:\/\/pinews.com.br\/index.php\/wp-json\/wp\/v2\/types\/post"}],"author":[{"embeddable":true,"href":"https:\/\/pinews.com.br\/index.php\/wp-json\/wp\/v2\/users\/1"}],"replies":[{"embeddable":true,"href":"https:\/\/pinews.com.br\/index.php\/wp-json\/wp\/v2\/comments?post=24671"}],"version-history":[{"count":0,"href":"https:\/\/pinews.com.br\/index.php\/wp-json\/wp\/v2\/posts\/24671\/revisions"}],"wp:featuredmedia":[{"embeddable":true,"href":"https:\/\/pinews.com.br\/index.php\/wp-json\/"}],"wp:attachment":[{"href":"https:\/\/pinews.com.br\/index.php\/wp-json\/wp\/v2\/media?parent=24671"}],"wp:term":[{"taxonomy":"category","embeddable":true,"href":"https:\/\/pinews.com.br\/index.php\/wp-json\/wp\/v2\/categories?post=24671"},{"taxonomy":"post_tag","embeddable":true,"href":"https:\/\/pinews.com.br\/index.php\/wp-json\/wp\/v2\/tags?post=24671"}],"curies":[{"name":"wp","href":"https:\/\/api.w.org\/{rel}","templated":true}]}}