{"id":24675,"date":"2021-07-22T19:44:26","date_gmt":"2021-07-22T22:44:26","guid":{"rendered":"https:\/\/pinews.com.br\/?p=24675"},"modified":"2021-07-22T19:44:26","modified_gmt":"2021-07-22T22:44:26","slug":"carreta-carregada-com-bananas-tomba-e-carga-e-saqueada-na-br-230-em-fronteiras-pi","status":"publish","type":"post","link":"https:\/\/pinews.com.br\/index.php\/2021\/07\/22\/carreta-carregada-com-bananas-tomba-e-carga-e-saqueada-na-br-230-em-fronteiras-pi\/","title":{"rendered":"Carreta carregada com bananas tomba e carga \u00e9 saqueada na BR-230 em Fronteiras \u2013 PI"},"content":{"rendered":"\n<p>Uma carreta com uma carga de bananas tombou nesta manh\u00e3 de quinta-feira, 22 de julho, na BR-230, na altura da localidade \u201cCorte da Serra\u201d, no munic\u00edpio de Fronteiras \u2013 PI.<\/p>\n\n\n\n<p>De acordo com a Pol\u00edcia Militar, o motorista do ve\u00edculo teve ferimentos leves e foi encaminhado para o Hospital Municipal Norberto \u00c2ngelo Pereira, no centro de Fronteiras \u2013 PI.<\/p>\n\n\n\n<p>As causas do acidente n\u00e3o foram divulgadas. Logo ap\u00f3s o acidente, a carga come\u00e7ou a ser saqueada por moradores que vivem na regi\u00e3o.<\/p>\n\n\n\n<p>Imagens e v\u00eddeos das caixas de frutas espalhadas \u00e0s margens da rodovia sendo saqueadas por populares foram compartilhadas em demasia nas redes sociais. <\/p>\n\n\n\n<p>Pelas imagens percebe-se que o ve\u00edculo de grande porte ficou com os pneus para cima e que apesar do local ser de dif\u00edcil acesso, toda a carga foi saqueada.<\/p>\n\n\n\n<p>A Pol\u00edcia Rodovi\u00e1ria Federal (PRF) esteve no local do acidente e tratou da desobstru\u00e7\u00e3o da via, sinaliza\u00e7\u00e3o e seguran\u00e7a do local.<\/p>\n\n\n\n<figure class=\"wp-block-image\"><img decoding=\"async\" src=\"https:\/\/i2.wp.com\/www.portalenoticias.com.br\/wp-content\/uploads\/2021\/07\/IMG_20210722_104051.jpg?fit=720%2C486&amp;ssl=1\" alt=\"\" class=\"wp-image-95048\"\/><figcaption>Carreta carregada com bananas tomba e carga \u00e9 saqueada na BR-230 em Fronteiras \u2013 PI<\/figcaption><\/figure>\n\n\n\n<p><strong>Fonte: Portal \u00c9 Not\u00edcias<\/strong><\/p>\n","protected":false},"excerpt":{"rendered":"<p>Uma carreta com uma carga de bananas tombou nesta manh\u00e3 de quinta-feira, 22 de julho, na BR-230, na altura da localidade \u201cCorte da Serra\u201d, no munic\u00edpio de Fronteiras \u2013 PI. De acordo com a Pol\u00edcia Militar, o motorista do ve\u00edculo teve ferimentos leves e foi encaminhado para o Hospital Municipal Norberto \u00c2ngelo Pereira, no centro [&hellip;]<\/p>\n","protected":false},"author":1,"featured_media":24676,"comment_status":"open","ping_status":"open","sticky":false,"template":"","format":"standard","meta":{"beyondwords_generate_audio":"","beyondwords_project_id":"","beyondwords_podcast_id":"","beyondwords_hash":"","beyondwords_error_message":"","beyondwords_disabled":"","publish_post_to_speechkit":"","speechkit_generate_audio":"","speechkit_project_id":"","speechkit_podcast_id":"","speechkit_hash":"","speechkit_error_message":"","speechkit_disabled":"","speechkit_access_key":"","speechkit_error":"","speechkit_info":"","speechkit_response":"","speechkit_retries":"","_speechkit_link":"","_speechkit_text":""},"categories":[51],"tags":[6272,171,100,5338,448,72,46,184,91,667,7483,417],"jetpack_featured_media_url":"","_links":{"self":[{"href":"https:\/\/pinews.com.br\/index.php\/wp-json\/wp\/v2\/posts\/24675"}],"collection":[{"href":"https:\/\/pinews.com.br\/index.php\/wp-json\/wp\/v2\/posts"}],"about":[{"href":"https:\/\/pinews.com.br\/index.php\/wp-json\/wp\/v2\/types\/post"}],"author":[{"embeddable":true,"href":"https:\/\/pinews.com.br\/index.php\/wp-json\/wp\/v2\/users\/1"}],"replies":[{"embeddable":true,"href":"https:\/\/pinews.com.br\/index.php\/wp-json\/wp\/v2\/comments?post=24675"}],"version-history":[{"count":0,"href":"https:\/\/pinews.com.br\/index.php\/wp-json\/wp\/v2\/posts\/24675\/revisions"}],"wp:featuredmedia":[{"embeddable":true,"href":"https:\/\/pinews.com.br\/index.php\/wp-json\/"}],"wp:attachment":[{"href":"https:\/\/pinews.com.br\/index.php\/wp-json\/wp\/v2\/media?parent=24675"}],"wp:term":[{"taxonomy":"category","embeddable":true,"href":"https:\/\/pinews.com.br\/index.php\/wp-json\/wp\/v2\/categories?post=24675"},{"taxonomy":"post_tag","embeddable":true,"href":"https:\/\/pinews.com.br\/index.php\/wp-json\/wp\/v2\/tags?post=24675"}],"curies":[{"name":"wp","href":"https:\/\/api.w.org\/{rel}","templated":true}]}}