{"id":24694,"date":"2021-07-23T10:22:36","date_gmt":"2021-07-23T13:22:36","guid":{"rendered":"https:\/\/pinews.com.br\/?p=24694"},"modified":"2021-07-23T10:22:36","modified_gmt":"2021-07-23T13:22:36","slug":"no-piaui-mais-de-15-mil-familias-vao-receber-auxilio-de-r-200-a-partir-de-quarta-28","status":"publish","type":"post","link":"https:\/\/pinews.com.br\/index.php\/2021\/07\/23\/no-piaui-mais-de-15-mil-familias-vao-receber-auxilio-de-r-200-a-partir-de-quarta-28\/","title":{"rendered":"No Piau\u00ed, mais de 15 mil fam\u00edlias v\u00e3o receber auxilio de R$ 200 a partir de quarta (28)"},"content":{"rendered":"\n<p>Cerca de 15 mil fam\u00edlias que vivem em situa\u00e7\u00e3o de extrema pobreza no Piau\u00ed v\u00e3o ser beneficiadas com aux\u00edlio emergencial de R$ 200 a partir da pr\u00f3xima quarta-feira (28).&nbsp;&nbsp;<\/p>\n\n\n\n<p>O secret\u00e1rio estadual da Assist\u00eancia Social, Z\u00e9 Santana, explicou que o cart\u00e3o Sasc Emergencial deve incluir os grupos com renda per capita de at\u00e9 R$ 178.&nbsp;&nbsp;<\/p>\n\n\n\n<p>\u201cO cart\u00e3o emergencial contempla 15 mil fam\u00edlias que s\u00e3o oriundas do Cad\u00danico, com cruzamento de dados para que se constate que essas pessoas n\u00e3o est\u00e3o sendo beneficiadas por outro programa de transfer\u00eancia de renda, eles est\u00e3o ali com o perfil de bolsa fam\u00edlia, com renda per capita de at\u00e9 R$ 178\u201d, esclareceu o secret\u00e1rio.<\/p>\n\n\n\n<p>Segundo Z\u00e9 Santana, os cart\u00f5es j\u00e1 est\u00e3o dispon\u00edveis na Sasc, e o programa social deve garantir assist\u00eancia a essas fam\u00edlias apenas por dois meses.&nbsp;&nbsp;<\/p>\n\n\n\n<p>\u201cOs cart\u00f5es j\u00e1 est\u00e3o dispon\u00edveis, n\u00f3s j\u00e1 recebemos com toda a identifica\u00e7\u00e3o de cada benefici\u00e1rio com base nesses dados do Cad\u00danico e ap\u00f3s o lan\u00e7amento, imediatamente come\u00e7ar\u00e3o a ser entregues\u201d, disse o secret\u00e1rio.&nbsp;<\/p>\n\n\n\n<p><strong>Cart\u00e3o PRO-Social&nbsp;<\/strong><\/p>\n\n\n\n<p>J\u00e1 o cart\u00e3o PRO-Social ter\u00e1 uma dura\u00e7\u00e3o de seis meses, podendo ser prorrogado, dever\u00e1 beneficiar aproximadamente 8 mil fam\u00edlias tamb\u00e9m com o aux\u00edlio de R$ 200.&nbsp;<\/p>\n\n\n\n<p>\u201cNesse cart\u00e3o \u00e9 que est\u00e1 se fazendo a busca ativa, pegando os dados que constam no Cad\u00danico, fazendo um cruzamento com diversos outros bancos de dados, para que se tenha a veracidade de n\u00e3o est\u00e1 tendo outro tipo de benef\u00edcio, tamb\u00e9m estamos fazendo a capacita\u00e7\u00e3o junto aos Cras dos munic\u00edpios a fim de que o benef\u00edcio, como vai ser um pouco mais demorado, possa ser conferido para que essa efic\u00e1cia seja bem maior\u201d, disse Z\u00e9 Santana.<\/p>\n\n\n\n<p><strong>Fonte: Rebeca Lima\/ Cidade Verde<\/strong><\/p>\n","protected":false},"excerpt":{"rendered":"<p>Cerca de 15 mil fam\u00edlias que vivem em situa\u00e7\u00e3o de extrema pobreza no Piau\u00ed v\u00e3o ser beneficiadas com aux\u00edlio emergencial de R$ 200 a partir da pr\u00f3xima quarta-feira (28).&nbsp;&nbsp; O secret\u00e1rio estadual da Assist\u00eancia Social, Z\u00e9 Santana, explicou que o cart\u00e3o Sasc Emergencial deve incluir os grupos com renda per capita de at\u00e9 R$ 178.&nbsp;&nbsp; [&hellip;]<\/p>\n","protected":false},"author":1,"featured_media":24695,"comment_status":"open","ping_status":"open","sticky":false,"template":"","format":"standard","meta":{"beyondwords_generate_audio":"","beyondwords_project_id":"","beyondwords_podcast_id":"","beyondwords_hash":"","beyondwords_error_message":"","beyondwords_disabled":"","publish_post_to_speechkit":"","speechkit_generate_audio":"","speechkit_project_id":"","speechkit_podcast_id":"","speechkit_hash":"","speechkit_error_message":"","speechkit_disabled":"","speechkit_access_key":"","speechkit_error":"","speechkit_info":"","speechkit_response":"","speechkit_retries":"","_speechkit_link":"","_speechkit_text":""},"categories":[516,51],"tags":[180,370,938,2647,44,953,76,109,5303,52,6028,779,438],"jetpack_featured_media_url":"","_links":{"self":[{"href":"https:\/\/pinews.com.br\/index.php\/wp-json\/wp\/v2\/posts\/24694"}],"collection":[{"href":"https:\/\/pinews.com.br\/index.php\/wp-json\/wp\/v2\/posts"}],"about":[{"href":"https:\/\/pinews.com.br\/index.php\/wp-json\/wp\/v2\/types\/post"}],"author":[{"embeddable":true,"href":"https:\/\/pinews.com.br\/index.php\/wp-json\/wp\/v2\/users\/1"}],"replies":[{"embeddable":true,"href":"https:\/\/pinews.com.br\/index.php\/wp-json\/wp\/v2\/comments?post=24694"}],"version-history":[{"count":0,"href":"https:\/\/pinews.com.br\/index.php\/wp-json\/wp\/v2\/posts\/24694\/revisions"}],"wp:featuredmedia":[{"embeddable":true,"href":"https:\/\/pinews.com.br\/index.php\/wp-json\/"}],"wp:attachment":[{"href":"https:\/\/pinews.com.br\/index.php\/wp-json\/wp\/v2\/media?parent=24694"}],"wp:term":[{"taxonomy":"category","embeddable":true,"href":"https:\/\/pinews.com.br\/index.php\/wp-json\/wp\/v2\/categories?post=24694"},{"taxonomy":"post_tag","embeddable":true,"href":"https:\/\/pinews.com.br\/index.php\/wp-json\/wp\/v2\/tags?post=24694"}],"curies":[{"name":"wp","href":"https:\/\/api.w.org\/{rel}","templated":true}]}}