{"id":24707,"date":"2021-07-23T19:28:16","date_gmt":"2021-07-23T22:28:16","guid":{"rendered":"https:\/\/pinews.com.br\/?p=24707"},"modified":"2021-07-23T19:28:16","modified_gmt":"2021-07-23T22:28:16","slug":"bandidos-perseguem-e-matam-musico-para-roubar-moto-no-piaui","status":"publish","type":"post","link":"https:\/\/pinews.com.br\/index.php\/2021\/07\/23\/bandidos-perseguem-e-matam-musico-para-roubar-moto-no-piaui\/","title":{"rendered":"Bandidos perseguem e matam m\u00fasico para roubar moto no Piau\u00ed"},"content":{"rendered":"\n<p>Um jovem m\u00fasico de 23 anos, identificado como Jos\u00e9 Renato do Nascimento J\u00fanior, morreu nesta sexta-feira (23), ap\u00f3s ser baleado durante um assalto em&nbsp;Parna\u00edba, no litoral do Piau\u00ed.<\/p>\n\n\n\n<p>O crime aconteceu por volta das 23h20 de quinta (22), o jovem aparece em uma moto sendo perseguido por dois homens em outra moto.<\/p>\n\n\n\n<p>De acordo com a capit\u00e3 Ruthin\u00e9a, da Pol\u00edcia Militar de Parna\u00edba, o rapaz foi abordado pelos criminosos e tentou fugir, reagindo \u00e0 tentativa de assalto, o que deu in\u00edcio \u00e0 persegui\u00e7\u00e3o.<\/p>\n\n\n\n<p>Logo ap\u00f3s a tentativa de fugir, ele foi atingido por um disparo de arma de fogo na cabe\u00e7a e caiu no ch\u00e3o. Um dos bandidos desceu da moto onde estava a dupla, pegou a moto de Jos\u00e9 Renato e os dois fugiram. O rapaz ficou ca\u00eddo no ch\u00e3o.<\/p>\n\n\n\n<p>Conforme o comandante da PM do munic\u00edpio, coronel Ant\u00f4nio Pac\u00edfico, o rapaz foi socorrido pelo Servi\u00e7o de Atendimento M\u00f3vel de Urg\u00eancia e conduzido ainda com vida ao Hospital Estadual Dirceu Arcoverde (HEDA), em Parna\u00edba. No entanto, morreu na manh\u00e3 desta sexta no hospital.<\/p>\n\n\n\n<figure class=\"wp-block-image\"><img decoding=\"async\" src=\"https:\/\/s2.glbimg.com\/Dw9J7BtgLlFkqq-NLlja8BXOaFk=\/0x0:366x195\/984x0\/smart\/filters:strip_icc()\/i.s3.glbimg.com\/v1\/AUTH_59edd422c0c84a879bd37670ae4f538a\/internal_photos\/bs\/2021\/B\/6\/7hJjYFT0uyn8Ns19iRFg\/screenshot-5.png\" alt=\"C\u00e2meras de seguran\u00e7a registram latroc\u00ednio no Piau\u00ed \u2014 Foto: Arquivo pessoal\"\/><figcaption>C\u00e2meras de seguran\u00e7a registram latroc\u00ednio no Piau\u00ed \u2014 Foto: Arquivo pessoal<\/figcaption><\/figure>\n\n\n\n<h2>Familiares e amigos pedem justi\u00e7a<\/h2>\n\n\n\n<figure class=\"wp-block-image\"><img decoding=\"async\" src=\"https:\/\/s2.glbimg.com\/3I-3YDyBx-WW3R0QH2jMaLrV4dA=\/0x0:864x864\/984x0\/smart\/filters:strip_icc()\/i.s3.glbimg.com\/v1\/AUTH_59edd422c0c84a879bd37670ae4f538a\/internal_photos\/bs\/2021\/5\/X\/LpF7RJTEqJJFtUCVV5nA\/whatsapp-image-2021-07-23-at-13.08.19-1-.jpeg\" alt=\" Jos\u00e9 Renato do Nascimento J\u00fanior \u2014 Foto: Reprodu\u00e7\u00e3o\/Redes sociais\"\/><figcaption>Jos\u00e9 Renato do Nascimento J\u00fanior \u2014 Foto: Reprodu\u00e7\u00e3o\/Redes sociais<\/figcaption><\/figure>\n\n\n\n<p>Nas redes sociais de Jos\u00e9 Renato, familiares e amigos lamentam o falecimento precoce do jovem. O rapaz, formado em administra\u00e7\u00e3o e m\u00fasico, tocava na Igreja do Evangelho Quadrangular.<\/p>\n\n\n\n<p>Em publica\u00e7\u00e3o, a institui\u00e7\u00e3o tamb\u00e9m se pronunciou sobre a morte. \u201cCombati o bom combate, terminei a corrida, guardei a f\u00e9 (2 Tim\u00f3teo 4:7-8)\u201d, diz trecho b\u00edblico que acompanha uma imagem do jovem.<\/p>\n\n\n\n<p>Conforme a pol\u00edcia, os criminosos ainda n\u00e3o foram identificados. O caso \u00e9 investigado pela Pol\u00edcia Civil.<\/p>\n\n\n\n<p><strong>Fonte: G1 PI<\/strong><\/p>\n","protected":false},"excerpt":{"rendered":"<p>Um jovem m\u00fasico de 23 anos, identificado como Jos\u00e9 Renato do Nascimento J\u00fanior, morreu nesta sexta-feira (23), ap\u00f3s ser baleado durante um assalto em&nbsp;Parna\u00edba, no litoral do Piau\u00ed. O crime aconteceu por volta das 23h20 de quinta (22), o jovem aparece em uma moto sendo perseguido por dois homens em outra moto. De acordo com [&hellip;]<\/p>\n","protected":false},"author":1,"featured_media":24708,"comment_status":"open","ping_status":"open","sticky":false,"template":"","format":"standard","meta":{"beyondwords_generate_audio":"","beyondwords_project_id":"","beyondwords_podcast_id":"","beyondwords_hash":"","beyondwords_error_message":"","beyondwords_disabled":"","publish_post_to_speechkit":"","speechkit_generate_audio":"","speechkit_project_id":"","speechkit_podcast_id":"","speechkit_hash":"","speechkit_error_message":"","speechkit_disabled":"","speechkit_access_key":"","speechkit_error":"","speechkit_info":"","speechkit_response":"","speechkit_retries":"","_speechkit_link":"","_speechkit_text":""},"categories":[51,78],"tags":[855,488,304,7067,350,5433,52,351],"jetpack_featured_media_url":"","_links":{"self":[{"href":"https:\/\/pinews.com.br\/index.php\/wp-json\/wp\/v2\/posts\/24707"}],"collection":[{"href":"https:\/\/pinews.com.br\/index.php\/wp-json\/wp\/v2\/posts"}],"about":[{"href":"https:\/\/pinews.com.br\/index.php\/wp-json\/wp\/v2\/types\/post"}],"author":[{"embeddable":true,"href":"https:\/\/pinews.com.br\/index.php\/wp-json\/wp\/v2\/users\/1"}],"replies":[{"embeddable":true,"href":"https:\/\/pinews.com.br\/index.php\/wp-json\/wp\/v2\/comments?post=24707"}],"version-history":[{"count":0,"href":"https:\/\/pinews.com.br\/index.php\/wp-json\/wp\/v2\/posts\/24707\/revisions"}],"wp:featuredmedia":[{"embeddable":true,"href":"https:\/\/pinews.com.br\/index.php\/wp-json\/"}],"wp:attachment":[{"href":"https:\/\/pinews.com.br\/index.php\/wp-json\/wp\/v2\/media?parent=24707"}],"wp:term":[{"taxonomy":"category","embeddable":true,"href":"https:\/\/pinews.com.br\/index.php\/wp-json\/wp\/v2\/categories?post=24707"},{"taxonomy":"post_tag","embeddable":true,"href":"https:\/\/pinews.com.br\/index.php\/wp-json\/wp\/v2\/tags?post=24707"}],"curies":[{"name":"wp","href":"https:\/\/api.w.org\/{rel}","templated":true}]}}