{"id":24726,"date":"2021-07-24T11:13:58","date_gmt":"2021-07-24T14:13:58","guid":{"rendered":"https:\/\/pinews.com.br\/?p=24726"},"modified":"2021-07-24T11:13:58","modified_gmt":"2021-07-24T14:13:58","slug":"governo-proibe-exportacao-de-agulhas-seringas-e-diluentes","status":"publish","type":"post","link":"https:\/\/pinews.com.br\/index.php\/2021\/07\/24\/governo-proibe-exportacao-de-agulhas-seringas-e-diluentes\/","title":{"rendered":"Governo pro\u00edbe exporta\u00e7\u00e3o de agulhas, seringas e diluentes"},"content":{"rendered":"\n<p>O presidente Jair Bolsonaro (sem partido) incluiu agulhas, seringas e diluentes na lista de produtos cuja exporta\u00e7\u00e3o est\u00e1 proibida em raz\u00e3o da crise sanit\u00e1ria provocada pela pandemia do novo coronav\u00edrus. A altera\u00e7\u00e3o ocorreu por meio de edi\u00e7\u00e3o do decreto que regulamenta a Lei n\u00ba 13.993, sancionada em abril de 2020. O texto concede ao Executivo prerrogativa de impedir venda de itens m\u00e9dicos, hospitalares e de higiene essencial em benef\u00edcio de pol\u00edtica de combate \u00e0 dissemina\u00e7\u00e3o da covid-19.<\/p>\n\n\n\n<p>O Planalto informou, por meio da Secretaria Especial de Comunica\u00e7\u00e3o da Presid\u00eancia da Rep\u00fablica (Secom), que autoridades de sa\u00fade requisitaram a inclus\u00e3o dos materiais em quest\u00e3o no rol de produtos proibidos de serem comercializados com o exterior por serem necess\u00e1rios ao cumprimento das etapas do Plano Nacional de Vacina\u00e7\u00e3o.<\/p>\n\n\n\n<p>\u201cO decreto se alinha \u00e0s regras e princ\u00edpios constitucionais ligados \u00e0 prote\u00e7\u00e3o da sa\u00fade como direito fundamental ao adotar medida para a preserva\u00e7\u00e3o da sa\u00fade da popula\u00e7\u00e3o brasileira e garantir a atua\u00e7\u00e3o do Poder P\u00fablico no combate \u00e0 pandemia de covid-19 no pa\u00eds\u201d, disse o \u00f3rg\u00e3o em nota.<\/p>\n\n\n\n<p><strong>Fonte: Estad\u00e3o Conte\u00fado<\/strong><\/p>\n","protected":false},"excerpt":{"rendered":"<p>O presidente Jair Bolsonaro (sem partido) incluiu agulhas, seringas e diluentes na lista de produtos cuja exporta\u00e7\u00e3o est\u00e1 proibida em raz\u00e3o da crise sanit\u00e1ria provocada pela pandemia do novo coronav\u00edrus. A altera\u00e7\u00e3o ocorreu por meio de edi\u00e7\u00e3o do decreto que regulamenta a Lei n\u00ba 13.993, sancionada em abril de 2020. O texto concede ao Executivo [&hellip;]<\/p>\n","protected":false},"author":1,"featured_media":24727,"comment_status":"open","ping_status":"open","sticky":false,"template":"","format":"standard","meta":{"beyondwords_generate_audio":"","beyondwords_project_id":"","beyondwords_podcast_id":"","beyondwords_hash":"","beyondwords_error_message":"","beyondwords_disabled":"","publish_post_to_speechkit":"","speechkit_generate_audio":"","speechkit_project_id":"","speechkit_podcast_id":"","speechkit_hash":"","speechkit_error_message":"","speechkit_disabled":"","speechkit_access_key":"","speechkit_error":"","speechkit_info":"","speechkit_response":"","speechkit_retries":"","_speechkit_link":"","_speechkit_text":""},"categories":[134],"tags":[8783,44,8784,5847,458,5951,7234],"jetpack_featured_media_url":"","_links":{"self":[{"href":"https:\/\/pinews.com.br\/index.php\/wp-json\/wp\/v2\/posts\/24726"}],"collection":[{"href":"https:\/\/pinews.com.br\/index.php\/wp-json\/wp\/v2\/posts"}],"about":[{"href":"https:\/\/pinews.com.br\/index.php\/wp-json\/wp\/v2\/types\/post"}],"author":[{"embeddable":true,"href":"https:\/\/pinews.com.br\/index.php\/wp-json\/wp\/v2\/users\/1"}],"replies":[{"embeddable":true,"href":"https:\/\/pinews.com.br\/index.php\/wp-json\/wp\/v2\/comments?post=24726"}],"version-history":[{"count":0,"href":"https:\/\/pinews.com.br\/index.php\/wp-json\/wp\/v2\/posts\/24726\/revisions"}],"wp:featuredmedia":[{"embeddable":true,"href":"https:\/\/pinews.com.br\/index.php\/wp-json\/"}],"wp:attachment":[{"href":"https:\/\/pinews.com.br\/index.php\/wp-json\/wp\/v2\/media?parent=24726"}],"wp:term":[{"taxonomy":"category","embeddable":true,"href":"https:\/\/pinews.com.br\/index.php\/wp-json\/wp\/v2\/categories?post=24726"},{"taxonomy":"post_tag","embeddable":true,"href":"https:\/\/pinews.com.br\/index.php\/wp-json\/wp\/v2\/tags?post=24726"}],"curies":[{"name":"wp","href":"https:\/\/api.w.org\/{rel}","templated":true}]}}