{"id":24730,"date":"2021-07-24T18:58:48","date_gmt":"2021-07-24T21:58:48","guid":{"rendered":"https:\/\/pinews.com.br\/?p=24730"},"modified":"2021-07-24T18:58:48","modified_gmt":"2021-07-24T21:58:48","slug":"piaui-registra-aumento-de-focos-de-queimadas-e-ocupa-2a-colocacao-no-nordeste","status":"publish","type":"post","link":"https:\/\/pinews.com.br\/index.php\/2021\/07\/24\/piaui-registra-aumento-de-focos-de-queimadas-e-ocupa-2a-colocacao-no-nordeste\/","title":{"rendered":"Piau\u00ed registra aumento de focos de queimadas e ocupa 2\u00aa coloca\u00e7\u00e3o no Nordeste"},"content":{"rendered":"\n<p><br>O Piau\u00ed voltou a registrar aumento na quantidade de focos de queimadas e ocupa a segunda coloca\u00e7\u00e3o no ranking dos estados da regi\u00e3o nordeste. Os dados constam no sistema de monitoramento do Instituto Nacional de Pesquisas Espaciais (Inpe), que mostram que entre os dias 01 e 24 de julho j\u00e1 s\u00e3o&nbsp; 641 focos, n\u00famero maior ao registrado no \u00faltimo m\u00eas de junho, quando 473 focos de queimadas foram registrados pelos sat\u00e9lites.&nbsp;<\/p>\n\n\n\n<p>Em rela\u00e7\u00e3o aos demais estados brasileiros, o Piau\u00ed ocupa atualmente a s\u00e9tima posi\u00e7\u00e3o no ranking de queimadas registradas durante os dias do m\u00eas de julho, atr\u00e1s apenas de: Tocantins (1344), Mato Grosso(1262), Maranh\u00e3o(1134), Minas Gerais(858), Mato Grosso do Sul (753) e Par\u00e1(704).<\/p>\n\n\n\n<p>O sistema de monitoramento do Inpe tamb\u00e9m mostra que os biomas do cerrado e caatinga s\u00e3o os mais atingidos pelos focos de queimadas no Piau\u00ed nos \u00faltimos dias.<\/p>\n\n\n\n<p>Os munic\u00edpios com maior n\u00famero de registros s\u00e3o: Floriano, Uru\u00e7u\u00ed, Morro Cabe\u00e7a do Tempo, Jerumenha e Ribeiro Gon\u00e7alves.&nbsp;<\/p>\n\n\n\n<p><strong>Confira o ranking de focos de queimadas por estado no m\u00eas de julho:<\/strong><\/p>\n\n\n\n<figure class=\"wp-block-image\"><img decoding=\"async\" src=\"https:\/\/cidadeverde.com\/assets\/uploads\/noticias\/e91f497fe104c7083abf35ea02596c39.jpg\" alt=\"\"\/><\/figure>\n\n\n\n<p><strong>Fonte: Natanael Souza\/ Cidade Verde<\/strong><\/p>\n","protected":false},"excerpt":{"rendered":"<p>O Piau\u00ed voltou a registrar aumento na quantidade de focos de queimadas e ocupa a segunda coloca\u00e7\u00e3o no ranking dos estados da regi\u00e3o nordeste. Os dados constam no sistema de monitoramento do Instituto Nacional de Pesquisas Espaciais (Inpe), que mostram que entre os dias 01 e 24 de julho j\u00e1 s\u00e3o&nbsp; 641 focos, n\u00famero maior [&hellip;]<\/p>\n","protected":false},"author":1,"featured_media":24731,"comment_status":"open","ping_status":"open","sticky":false,"template":"","format":"standard","meta":{"beyondwords_generate_audio":"","beyondwords_project_id":"","beyondwords_podcast_id":"","beyondwords_hash":"","beyondwords_error_message":"","beyondwords_disabled":"","publish_post_to_speechkit":"","speechkit_generate_audio":"","speechkit_project_id":"","speechkit_podcast_id":"","speechkit_hash":"","speechkit_error_message":"","speechkit_disabled":"","speechkit_access_key":"","speechkit_error":"","speechkit_info":"","speechkit_response":"","speechkit_retries":"","_speechkit_link":"","_speechkit_text":""},"categories":[51],"tags":[5903,816,5904,44,5772,1255,5906,52,4109,5301],"jetpack_featured_media_url":"","_links":{"self":[{"href":"https:\/\/pinews.com.br\/index.php\/wp-json\/wp\/v2\/posts\/24730"}],"collection":[{"href":"https:\/\/pinews.com.br\/index.php\/wp-json\/wp\/v2\/posts"}],"about":[{"href":"https:\/\/pinews.com.br\/index.php\/wp-json\/wp\/v2\/types\/post"}],"author":[{"embeddable":true,"href":"https:\/\/pinews.com.br\/index.php\/wp-json\/wp\/v2\/users\/1"}],"replies":[{"embeddable":true,"href":"https:\/\/pinews.com.br\/index.php\/wp-json\/wp\/v2\/comments?post=24730"}],"version-history":[{"count":0,"href":"https:\/\/pinews.com.br\/index.php\/wp-json\/wp\/v2\/posts\/24730\/revisions"}],"wp:featuredmedia":[{"embeddable":true,"href":"https:\/\/pinews.com.br\/index.php\/wp-json\/"}],"wp:attachment":[{"href":"https:\/\/pinews.com.br\/index.php\/wp-json\/wp\/v2\/media?parent=24730"}],"wp:term":[{"taxonomy":"category","embeddable":true,"href":"https:\/\/pinews.com.br\/index.php\/wp-json\/wp\/v2\/categories?post=24730"},{"taxonomy":"post_tag","embeddable":true,"href":"https:\/\/pinews.com.br\/index.php\/wp-json\/wp\/v2\/tags?post=24730"}],"curies":[{"name":"wp","href":"https:\/\/api.w.org\/{rel}","templated":true}]}}