{"id":24845,"date":"2021-07-28T10:36:09","date_gmt":"2021-07-28T13:36:09","guid":{"rendered":"https:\/\/pinews.com.br\/?p=24845"},"modified":"2021-07-28T10:36:09","modified_gmt":"2021-07-28T13:36:09","slug":"governo-sanciona-lei-que-cria-o-cadastro-de-pessoas-desaparecidas-do-piaui","status":"publish","type":"post","link":"https:\/\/pinews.com.br\/index.php\/2021\/07\/28\/governo-sanciona-lei-que-cria-o-cadastro-de-pessoas-desaparecidas-do-piaui\/","title":{"rendered":"Governo sanciona lei que cria o Cadastro de Pessoas Desaparecidas do Piau\u00ed"},"content":{"rendered":"\n<p>O governador Wellington Dias (PT) sancionou a lei que institui o Sistema de Comunica\u00e7\u00e3o e Cadastro de Pessoas Desaparecidas (SCCPD) do Piau\u00ed. A san\u00e7\u00e3o foi divulgada no Di\u00e1rio Oficial dessa segunda-feira (26).<\/p>\n\n\n\n<p>A proposta \u00e9 de autoria do deputado estadual Francisco Limma (PT) e determina que antes da exibi\u00e7\u00e3o de espet\u00e1culos art\u00edsticos, culturais e desportivos, promovidos pelo poder p\u00fablico ou pela iniciativa privada, sejam divulgadas imagens de pessoas desaparecidas.<\/p>\n\n\n\n<p>A Ag\u00eancia de Tecnologia da Informa\u00e7\u00e3o (ATI) do Piau\u00ed vai definir os crit\u00e9rios e ficar\u00e1 respons\u00e1vel pela implementa\u00e7\u00e3o do projeto no estado.<\/p>\n\n\n\n<p>O poder executivo ainda deve publicar um novo documento regulamentando como a divulga\u00e7\u00e3o de pessoas desaparecidas deve acontecer durante esses eventos.<\/p>\n\n\n\n<h2>A proposta<\/h2>\n\n\n\n<p>Quando o projeto de lei foi apresentado pelo deputado Francisco Limma na Assembleia Legislativa do Piau\u00ed (Alepi), o parlamentar afirmou que a divulga\u00e7\u00e3o das imagens vai ajudar na busca pelas pessoas desaparecidas.<\/p>\n\n\n\n<p>\u201cDiariamente assistimos o sofrimento de centenas de fam\u00edlias piauienses que tem seus entes queridos desaparecidos e a busca incessante para sua localiza\u00e7\u00e3o. Diante disso, o projeto tem como objetivo ampliar os instrumentos para resolu\u00e7\u00e3o desse grave problema\u201d, destacou o parlamentar em sua justificativa para a aprova\u00e7\u00e3o da proposta.<\/p>\n\n\n\n<p>O governador Wellington Dias (PT) sancionou a lei que institui o Sistema de Comunica\u00e7\u00e3o e Cadastro de Pessoas Desaparecidas (SCCPD) do Piau\u00ed. A san\u00e7\u00e3o foi divulgada no Di\u00e1rio Oficial dessa segunda-feira (26).<\/p>\n\n\n\n<p>A proposta \u00e9 de autoria do deputado estadual Francisco Limma (PT) e determina que antes da exibi\u00e7\u00e3o de espet\u00e1culos art\u00edsticos, culturais e desportivos, promovidos pelo poder p\u00fablico ou pela iniciativa privada, sejam divulgadas imagens de pessoas desaparecidas.<\/p>\n\n\n\n<p>A Ag\u00eancia de Tecnologia da Informa\u00e7\u00e3o (ATI) do Piau\u00ed vai definir os crit\u00e9rios e ficar\u00e1 respons\u00e1vel pela implementa\u00e7\u00e3o do projeto no estado.<\/p>\n\n\n\n<p>O poder executivo ainda deve publicar um novo documento regulamentando como a divulga\u00e7\u00e3o de pessoas desaparecidas deve acontecer durante esses eventos.<\/p>\n\n\n\n<h2>A proposta<\/h2>\n\n\n\n<p>Quando o projeto de lei foi apresentado pelo deputado Francisco Limma na Assembleia Legislativa do Piau\u00ed (Alepi), o parlamentar afirmou que a divulga\u00e7\u00e3o das imagens vai ajudar na busca pelas pessoas desaparecidas.<\/p>\n\n\n\n<p>\u201cDiariamente assistimos o sofrimento de centenas de fam\u00edlias piauienses que tem seus entes queridos desaparecidos e a busca incessante para sua localiza\u00e7\u00e3o. Diante disso, o projeto tem como objetivo ampliar os instrumentos para resolu\u00e7\u00e3o desse grave problema\u201d, destacou o parlamentar em sua justificativa para a aprova\u00e7\u00e3o da proposta.<\/p>\n\n\n\n<p><strong>Fonte: G1 PI<\/strong><\/p>\n","protected":false},"excerpt":{"rendered":"<p>O governador Wellington Dias (PT) sancionou a lei que institui o Sistema de Comunica\u00e7\u00e3o e Cadastro de Pessoas Desaparecidas (SCCPD) do Piau\u00ed. A san\u00e7\u00e3o foi divulgada no Di\u00e1rio Oficial dessa segunda-feira (26). A proposta \u00e9 de autoria do deputado estadual Francisco Limma (PT) e determina que antes da exibi\u00e7\u00e3o de espet\u00e1culos art\u00edsticos, culturais e desportivos, [&hellip;]<\/p>\n","protected":false},"author":1,"featured_media":24051,"comment_status":"open","ping_status":"open","sticky":false,"template":"","format":"standard","meta":{"beyondwords_generate_audio":"","beyondwords_project_id":"","beyondwords_podcast_id":"","beyondwords_hash":"","beyondwords_error_message":"","beyondwords_disabled":"","publish_post_to_speechkit":"","speechkit_generate_audio":"","speechkit_project_id":"","speechkit_podcast_id":"","speechkit_hash":"","speechkit_error_message":"","speechkit_disabled":"","speechkit_access_key":"","speechkit_error":"","speechkit_info":"","speechkit_response":"","speechkit_retries":"","_speechkit_link":"","_speechkit_text":""},"categories":[51],"tags":[2430,1841,44,8523,458,692,259,52,7740],"jetpack_featured_media_url":"","_links":{"self":[{"href":"https:\/\/pinews.com.br\/index.php\/wp-json\/wp\/v2\/posts\/24845"}],"collection":[{"href":"https:\/\/pinews.com.br\/index.php\/wp-json\/wp\/v2\/posts"}],"about":[{"href":"https:\/\/pinews.com.br\/index.php\/wp-json\/wp\/v2\/types\/post"}],"author":[{"embeddable":true,"href":"https:\/\/pinews.com.br\/index.php\/wp-json\/wp\/v2\/users\/1"}],"replies":[{"embeddable":true,"href":"https:\/\/pinews.com.br\/index.php\/wp-json\/wp\/v2\/comments?post=24845"}],"version-history":[{"count":0,"href":"https:\/\/pinews.com.br\/index.php\/wp-json\/wp\/v2\/posts\/24845\/revisions"}],"wp:featuredmedia":[{"embeddable":true,"href":"https:\/\/pinews.com.br\/index.php\/wp-json\/"}],"wp:attachment":[{"href":"https:\/\/pinews.com.br\/index.php\/wp-json\/wp\/v2\/media?parent=24845"}],"wp:term":[{"taxonomy":"category","embeddable":true,"href":"https:\/\/pinews.com.br\/index.php\/wp-json\/wp\/v2\/categories?post=24845"},{"taxonomy":"post_tag","embeddable":true,"href":"https:\/\/pinews.com.br\/index.php\/wp-json\/wp\/v2\/tags?post=24845"}],"curies":[{"name":"wp","href":"https:\/\/api.w.org\/{rel}","templated":true}]}}