{"id":24852,"date":"2021-07-28T10:48:02","date_gmt":"2021-07-28T13:48:02","guid":{"rendered":"https:\/\/pinews.com.br\/?p=24852"},"modified":"2021-07-28T10:48:02","modified_gmt":"2021-07-28T13:48:02","slug":"sejus-anuncia-para-agosto-retorno-das-visitas-presenciais-no-sistema-prisional-do-piaui","status":"publish","type":"post","link":"https:\/\/pinews.com.br\/index.php\/2021\/07\/28\/sejus-anuncia-para-agosto-retorno-das-visitas-presenciais-no-sistema-prisional-do-piaui\/","title":{"rendered":"Sejus anuncia para agosto retorno das visitas presenciais no sistema prisional do Piau\u00ed"},"content":{"rendered":"\n<p>A Secretaria de Justi\u00e7a do Piau\u00ed (Sejus) anunciou para agosto o retorno de visitas presenciais no sistema prisional do estado. De acordo com o \u00f3rg\u00e3o, primeiro ser\u00e1 feito um recadastramento de visitantes entre os dias 2 e 20. Depois, a partir do dia 23, ter\u00e1 in\u00edcio o retorno gradativo da visita\u00e7\u00e3o.<\/p>\n\n\n\n<p>Para o recadastramento ser\u00e3o necess\u00e1rios documentos como RG, CPF, foto 3&#215;4, comprovante de resid\u00eancia, declara\u00e7\u00e3o de uni\u00e3o est\u00e1vel com firma registrada em cart\u00f3rio e certid\u00f5es negativas.<\/p>\n\n\n\n<p>Segundo a Sejus, as visitas ser\u00e3o feitas de forma gradativa. Por isso, cada reeducando poder\u00e1 receber uma visita presencial e uma visita virtual no per\u00edodo de 30 dias.<\/p>\n\n\n\n<p>O reeducando (a) poder\u00e1 receber visita, a cada 15 dias, de um familiar ou amigo devidamente cadastrado. N\u00e3o ser\u00e3o permitidos visitantes com idade igual ou acima de 60 anos, menores de 18 anos, gestantes, visitas \u00edntimas e pessoas que apresentem sintomas gripais.<\/p>\n\n\n\n<p>Para os reeducandos que n\u00e3o recebem visitas presenciais, as visitas virtuais seguir\u00e3o acontecendo. A Sejus informou que em caso de aumento no n\u00famero de casos da doen\u00e7a em unidades penais, as visitas ser\u00e3o suspensas nos estabelecimentos em que ocorrer esse aumento.<\/p>\n\n\n\n<p><strong>Fonte: G1 PI<\/strong><\/p>\n","protected":false},"excerpt":{"rendered":"<p>A Secretaria de Justi\u00e7a do Piau\u00ed (Sejus) anunciou para agosto o retorno de visitas presenciais no sistema prisional do estado. De acordo com o \u00f3rg\u00e3o, primeiro ser\u00e1 feito um recadastramento de visitantes entre os dias 2 e 20. Depois, a partir do dia 23, ter\u00e1 in\u00edcio o retorno gradativo da visita\u00e7\u00e3o. Para o recadastramento ser\u00e3o [&hellip;]<\/p>\n","protected":false},"author":1,"featured_media":24853,"comment_status":"open","ping_status":"open","sticky":false,"template":"","format":"standard","meta":{"beyondwords_generate_audio":"","beyondwords_project_id":"","beyondwords_podcast_id":"","beyondwords_hash":"","beyondwords_error_message":"","beyondwords_disabled":"","publish_post_to_speechkit":"","speechkit_generate_audio":"","speechkit_project_id":"","speechkit_podcast_id":"","speechkit_hash":"","speechkit_error_message":"","speechkit_disabled":"","speechkit_access_key":"","speechkit_error":"","speechkit_info":"","speechkit_response":"","speechkit_retries":"","_speechkit_link":"","_speechkit_text":""},"categories":[51],"tags":[3999,3195,888,350,52,5528,8772,5524,5664,1324,5665],"jetpack_featured_media_url":"","_links":{"self":[{"href":"https:\/\/pinews.com.br\/index.php\/wp-json\/wp\/v2\/posts\/24852"}],"collection":[{"href":"https:\/\/pinews.com.br\/index.php\/wp-json\/wp\/v2\/posts"}],"about":[{"href":"https:\/\/pinews.com.br\/index.php\/wp-json\/wp\/v2\/types\/post"}],"author":[{"embeddable":true,"href":"https:\/\/pinews.com.br\/index.php\/wp-json\/wp\/v2\/users\/1"}],"replies":[{"embeddable":true,"href":"https:\/\/pinews.com.br\/index.php\/wp-json\/wp\/v2\/comments?post=24852"}],"version-history":[{"count":0,"href":"https:\/\/pinews.com.br\/index.php\/wp-json\/wp\/v2\/posts\/24852\/revisions"}],"wp:featuredmedia":[{"embeddable":true,"href":"https:\/\/pinews.com.br\/index.php\/wp-json\/"}],"wp:attachment":[{"href":"https:\/\/pinews.com.br\/index.php\/wp-json\/wp\/v2\/media?parent=24852"}],"wp:term":[{"taxonomy":"category","embeddable":true,"href":"https:\/\/pinews.com.br\/index.php\/wp-json\/wp\/v2\/categories?post=24852"},{"taxonomy":"post_tag","embeddable":true,"href":"https:\/\/pinews.com.br\/index.php\/wp-json\/wp\/v2\/tags?post=24852"}],"curies":[{"name":"wp","href":"https:\/\/api.w.org\/{rel}","templated":true}]}}