{"id":24863,"date":"2021-07-28T19:31:13","date_gmt":"2021-07-28T22:31:13","guid":{"rendered":"https:\/\/pinews.com.br\/?p=24863"},"modified":"2021-07-28T19:31:13","modified_gmt":"2021-07-28T22:31:13","slug":"suspeito-de-homicidio-no-piaui-e-preso-ao-tentar-registrar-boletim-de-ocorrencia","status":"publish","type":"post","link":"https:\/\/pinews.com.br\/index.php\/2021\/07\/28\/suspeito-de-homicidio-no-piaui-e-preso-ao-tentar-registrar-boletim-de-ocorrencia\/","title":{"rendered":"Suspeito de homic\u00eddio no Piau\u00ed \u00e9 preso ao tentar registrar boletim de ocorr\u00eancia"},"content":{"rendered":"\n<p>O suspeito de um homic\u00eddio em 2019 foi preso ao tentar registrar um boletim de ocorr\u00eancia nesta quarta-feira (28). Segundo o major Audivam Nunes, coordenador da For\u00e7a Tarefa da Secretaria de Seguran\u00e7a P\u00fablica do Piau\u00ed (SSP-PI), ele teria se envolvido em um acidente e tinha ido prestar queixa na Delegacia Especializada de Tr\u00e2nsito.&nbsp;<\/p>\n\n\n\n<p>&#8220;Assim que ele deu o nome, os policiais identificaram que se tratava de um suspeito com mandado em aberto em 2019 e ficou logo preso&#8221;, disse o major.&nbsp;<\/p>\n\n\n\n<p>Audivam Nunes acrescenta que o suspeito de iniciais D.R.M \u00e9 considerado perigoso e teria envolvimento com fac\u00e7\u00f5es criminosas.&nbsp;<\/p>\n\n\n\n<p>&#8220;Ele \u00e9 perigoso, faccionado e esse homic\u00eddio em 2019 foi contra um desafeto na Vila S\u00e3o Jos\u00e9, regi\u00e3o do bairro Promorar, na zona Sul, por disputa de territ\u00f3rio&#8221;, finaliza o coordenador da For\u00e7a Tarefa da SSP-PI.&nbsp;<\/p>\n\n\n\n<p><strong>Fonte: Graciane Sousa\/ Cidade Verde<\/strong><\/p>\n","protected":false},"excerpt":{"rendered":"<p>O suspeito de um homic\u00eddio em 2019 foi preso ao tentar registrar um boletim de ocorr\u00eancia nesta quarta-feira (28). Segundo o major Audivam Nunes, coordenador da For\u00e7a Tarefa da Secretaria de Seguran\u00e7a P\u00fablica do Piau\u00ed (SSP-PI), ele teria se envolvido em um acidente e tinha ido prestar queixa na Delegacia Especializada de Tr\u00e2nsito.&nbsp; &#8220;Assim que [&hellip;]<\/p>\n","protected":false},"author":1,"featured_media":24864,"comment_status":"open","ping_status":"open","sticky":false,"template":"","format":"standard","meta":{"beyondwords_generate_audio":"","beyondwords_project_id":"","beyondwords_podcast_id":"","beyondwords_hash":"","beyondwords_error_message":"","beyondwords_disabled":"","publish_post_to_speechkit":"","speechkit_generate_audio":"","speechkit_project_id":"","speechkit_podcast_id":"","speechkit_hash":"","speechkit_error_message":"","speechkit_disabled":"","speechkit_access_key":"","speechkit_error":"","speechkit_info":"","speechkit_response":"","speechkit_retries":"","_speechkit_link":"","_speechkit_text":""},"categories":[51,78],"tags":[132,8813,44,72,162,8814,52,79,615,130,475],"jetpack_featured_media_url":"","_links":{"self":[{"href":"https:\/\/pinews.com.br\/index.php\/wp-json\/wp\/v2\/posts\/24863"}],"collection":[{"href":"https:\/\/pinews.com.br\/index.php\/wp-json\/wp\/v2\/posts"}],"about":[{"href":"https:\/\/pinews.com.br\/index.php\/wp-json\/wp\/v2\/types\/post"}],"author":[{"embeddable":true,"href":"https:\/\/pinews.com.br\/index.php\/wp-json\/wp\/v2\/users\/1"}],"replies":[{"embeddable":true,"href":"https:\/\/pinews.com.br\/index.php\/wp-json\/wp\/v2\/comments?post=24863"}],"version-history":[{"count":0,"href":"https:\/\/pinews.com.br\/index.php\/wp-json\/wp\/v2\/posts\/24863\/revisions"}],"wp:featuredmedia":[{"embeddable":true,"href":"https:\/\/pinews.com.br\/index.php\/wp-json\/"}],"wp:attachment":[{"href":"https:\/\/pinews.com.br\/index.php\/wp-json\/wp\/v2\/media?parent=24863"}],"wp:term":[{"taxonomy":"category","embeddable":true,"href":"https:\/\/pinews.com.br\/index.php\/wp-json\/wp\/v2\/categories?post=24863"},{"taxonomy":"post_tag","embeddable":true,"href":"https:\/\/pinews.com.br\/index.php\/wp-json\/wp\/v2\/tags?post=24863"}],"curies":[{"name":"wp","href":"https:\/\/api.w.org\/{rel}","templated":true}]}}