{"id":24879,"date":"2021-07-29T10:46:37","date_gmt":"2021-07-29T13:46:37","guid":{"rendered":"https:\/\/pinews.com.br\/?p=24879"},"modified":"2021-07-29T10:46:37","modified_gmt":"2021-07-29T13:46:37","slug":"idoso-e-preso-suspeito-de-matar-cadela-do-vizinho-no-piaui","status":"publish","type":"post","link":"https:\/\/pinews.com.br\/index.php\/2021\/07\/29\/idoso-e-preso-suspeito-de-matar-cadela-do-vizinho-no-piaui\/","title":{"rendered":"Idoso \u00e9 preso suspeito de matar cadela do vizinho no Piau\u00ed"},"content":{"rendered":"\n<p>Um idoso de 61 anos foi preso suspeito de ter matado a cadela do vizinho na quarta-feira (28), em S\u00e3o Gon\u00e7alo do Piau\u00ed, 126 km ao Sul de <a href=\"https:\/\/g1.globo.com\/pi\/piaui\/cidade\/teresina\/\">Teresina<\/a>. De acordo com a Pol\u00edcia Militar (PM), o dono do animal procurou a pol\u00edcia para comunicar o crime e o suspeito foi preso em flagrante.<\/p>\n\n\n\n<p>\u201cOs policiais foram at\u00e9 o local e constataram a veracidade do fato. O suspeito negou a autoria, foram feitas buscas para localizar a arma utilizada no crime, mas ela n\u00e3o foi encontrada\u201d, informou o cabo Gon\u00e7alves, comandante da PM na regi\u00e3o.<\/p>\n\n\n\n<p>O idoso e o vizinho foram levados \u00e0 Delegacia Regional da Pol\u00edcia Civil em \u00c1gua Branca, onde prestaram esclarecimentos. O suspeito foi autuado pelo crime de maus-tratos contra animais.<\/p>\n\n\n\n<p>O caso ainda ser\u00e1 investigado e o idoso deve passar por audi\u00eancia de cust\u00f3dia nesta quinta-feira (29) para determinar se dever\u00e1 permanecer preso ou se poder\u00e1 aguardar o andamento das investiga\u00e7\u00f5es em liberdade.<\/p>\n\n\n\n<p><strong>Caso seja formalmente acusado e condenado, a pena pelo crime de maus-tratos \u00e9 de reclus\u00e3o de dois a cinco anos.<\/strong><\/p>\n\n\n\n<p><strong>Fonte: G1 PI<\/strong><\/p>\n","protected":false},"excerpt":{"rendered":"<p>Um idoso de 61 anos foi preso suspeito de ter matado a cadela do vizinho na quarta-feira (28), em S\u00e3o Gon\u00e7alo do Piau\u00ed, 126 km ao Sul de Teresina. De acordo com a Pol\u00edcia Militar (PM), o dono do animal procurou a pol\u00edcia para comunicar o crime e o suspeito foi preso em flagrante. \u201cOs [&hellip;]<\/p>\n","protected":false},"author":1,"featured_media":24880,"comment_status":"open","ping_status":"open","sticky":false,"template":"","format":"standard","meta":{"beyondwords_generate_audio":"","beyondwords_project_id":"","beyondwords_podcast_id":"","beyondwords_hash":"","beyondwords_error_message":"","beyondwords_disabled":"","publish_post_to_speechkit":"","speechkit_generate_audio":"","speechkit_project_id":"","speechkit_podcast_id":"","speechkit_hash":"","speechkit_error_message":"","speechkit_disabled":"","speechkit_access_key":"","speechkit_error":"","speechkit_info":"","speechkit_response":"","speechkit_retries":"","_speechkit_link":"","_speechkit_text":""},"categories":[51,78],"tags":[962,44,72,64,85,52,79,130,1257],"jetpack_featured_media_url":"","_links":{"self":[{"href":"https:\/\/pinews.com.br\/index.php\/wp-json\/wp\/v2\/posts\/24879"}],"collection":[{"href":"https:\/\/pinews.com.br\/index.php\/wp-json\/wp\/v2\/posts"}],"about":[{"href":"https:\/\/pinews.com.br\/index.php\/wp-json\/wp\/v2\/types\/post"}],"author":[{"embeddable":true,"href":"https:\/\/pinews.com.br\/index.php\/wp-json\/wp\/v2\/users\/1"}],"replies":[{"embeddable":true,"href":"https:\/\/pinews.com.br\/index.php\/wp-json\/wp\/v2\/comments?post=24879"}],"version-history":[{"count":0,"href":"https:\/\/pinews.com.br\/index.php\/wp-json\/wp\/v2\/posts\/24879\/revisions"}],"wp:featuredmedia":[{"embeddable":true,"href":"https:\/\/pinews.com.br\/index.php\/wp-json\/"}],"wp:attachment":[{"href":"https:\/\/pinews.com.br\/index.php\/wp-json\/wp\/v2\/media?parent=24879"}],"wp:term":[{"taxonomy":"category","embeddable":true,"href":"https:\/\/pinews.com.br\/index.php\/wp-json\/wp\/v2\/categories?post=24879"},{"taxonomy":"post_tag","embeddable":true,"href":"https:\/\/pinews.com.br\/index.php\/wp-json\/wp\/v2\/tags?post=24879"}],"curies":[{"name":"wp","href":"https:\/\/api.w.org\/{rel}","templated":true}]}}