{"id":24894,"date":"2021-07-29T18:51:25","date_gmt":"2021-07-29T21:51:25","guid":{"rendered":"https:\/\/pinews.com.br\/?p=24894"},"modified":"2021-07-29T18:51:25","modified_gmt":"2021-07-29T21:51:25","slug":"policia-encontra-700-fardos-de-cafe-roubados-no-piaui-em-caxias-ma","status":"publish","type":"post","link":"https:\/\/pinews.com.br\/index.php\/2021\/07\/29\/policia-encontra-700-fardos-de-cafe-roubados-no-piaui-em-caxias-ma\/","title":{"rendered":"Pol\u00edcia encontra 700 fardos de caf\u00e9 roubados no Piau\u00ed em Caxias (MA)"},"content":{"rendered":"\n<p>Na manh\u00e3 desta quinta-feira (29) , a Pol\u00edcia Civil do Maranh\u00e3o apreendeu 700 fardos de caf\u00e9 que foram roubados enquanto eram transportados no Piau\u00ed nos primeiros dias do deste m\u00eas de julho.&nbsp;<\/p>\n\n\n\n<p>A carga estava em um dep\u00f3sito comercial, localizado no bairro Antenor Viana, na cidade de Caxias (MA).&nbsp;<\/p>\n\n\n\n<p>A a\u00e7\u00e3o policial que contou com as participa\u00e7\u00f5es de policiais civis das cidades de Coelho Neto e Caxias foi um desdobramento de uma apreens\u00e3o que ocorreu na \u00faltima quinta-feira (22) ,onde tr\u00eas caminh\u00f5es tamb\u00e9m foram apreendidos carregados de caf\u00e9 e copos descart\u00e1veis que tamb\u00e9m haviam sido roubados no Piau\u00ed.<\/p>\n\n\n\n<p>As investiga\u00e7\u00f5es policiais possibilitaram a identifica\u00e7\u00e3o da pessoa que adquiriu parte da carga roubada, que reside no munic\u00edpio de Caxias, que ser\u00e1 indiciada criminalmente pela pr\u00e1tica do crime de recepta\u00e7\u00e3o qualificada, no exerc\u00edcio de atividade comercial.&nbsp;<\/p>\n\n\n\n<p>Na a\u00e7\u00e3o , n\u00e3o houve pris\u00e3o e a mercadoria recuperada foi&nbsp; restitu\u00edda \u00e0 transportadora v\u00edtima.<\/p>\n\n\n\n<p><strong>Fonte: Izabella Pimentel\/ Cidade Verde\/ Com informa\u00e7\u00f5es da Pol\u00edcia do Maranh\u00e3o<\/strong><\/p>\n","protected":false},"excerpt":{"rendered":"<p>Na manh\u00e3 desta quinta-feira (29) , a Pol\u00edcia Civil do Maranh\u00e3o apreendeu 700 fardos de caf\u00e9 que foram roubados enquanto eram transportados no Piau\u00ed nos primeiros dias do deste m\u00eas de julho.&nbsp; A carga estava em um dep\u00f3sito comercial, localizado no bairro Antenor Viana, na cidade de Caxias (MA).&nbsp; A a\u00e7\u00e3o policial que contou com [&hellip;]<\/p>\n","protected":false},"author":1,"featured_media":24895,"comment_status":"open","ping_status":"open","sticky":false,"template":"","format":"standard","meta":{"beyondwords_generate_audio":"","beyondwords_project_id":"","beyondwords_podcast_id":"","beyondwords_hash":"","beyondwords_error_message":"","beyondwords_disabled":"","publish_post_to_speechkit":"","speechkit_generate_audio":"","speechkit_project_id":"","speechkit_podcast_id":"","speechkit_hash":"","speechkit_error_message":"","speechkit_disabled":"","speechkit_access_key":"","speechkit_error":"","speechkit_info":"","speechkit_response":"","speechkit_retries":"","_speechkit_link":"","_speechkit_text":""},"categories":[134,78],"tags":[6513,8818,8819,44,46,551,8820,464,52,466,5900],"jetpack_featured_media_url":"","_links":{"self":[{"href":"https:\/\/pinews.com.br\/index.php\/wp-json\/wp\/v2\/posts\/24894"}],"collection":[{"href":"https:\/\/pinews.com.br\/index.php\/wp-json\/wp\/v2\/posts"}],"about":[{"href":"https:\/\/pinews.com.br\/index.php\/wp-json\/wp\/v2\/types\/post"}],"author":[{"embeddable":true,"href":"https:\/\/pinews.com.br\/index.php\/wp-json\/wp\/v2\/users\/1"}],"replies":[{"embeddable":true,"href":"https:\/\/pinews.com.br\/index.php\/wp-json\/wp\/v2\/comments?post=24894"}],"version-history":[{"count":0,"href":"https:\/\/pinews.com.br\/index.php\/wp-json\/wp\/v2\/posts\/24894\/revisions"}],"wp:featuredmedia":[{"embeddable":true,"href":"https:\/\/pinews.com.br\/index.php\/wp-json\/"}],"wp:attachment":[{"href":"https:\/\/pinews.com.br\/index.php\/wp-json\/wp\/v2\/media?parent=24894"}],"wp:term":[{"taxonomy":"category","embeddable":true,"href":"https:\/\/pinews.com.br\/index.php\/wp-json\/wp\/v2\/categories?post=24894"},{"taxonomy":"post_tag","embeddable":true,"href":"https:\/\/pinews.com.br\/index.php\/wp-json\/wp\/v2\/tags?post=24894"}],"curies":[{"name":"wp","href":"https:\/\/api.w.org\/{rel}","templated":true}]}}