{"id":24902,"date":"2021-07-30T10:45:21","date_gmt":"2021-07-30T13:45:21","guid":{"rendered":"https:\/\/pinews.com.br\/?p=24902"},"modified":"2021-07-30T10:45:21","modified_gmt":"2021-07-30T13:45:21","slug":"caixa-conclui-pagamento-da-quarta-parcela-do-auxilio-emergencial","status":"publish","type":"post","link":"https:\/\/pinews.com.br\/index.php\/2021\/07\/30\/caixa-conclui-pagamento-da-quarta-parcela-do-auxilio-emergencial\/","title":{"rendered":"Caixa conclui pagamento da quarta parcela do aux\u00edlio emergencial"},"content":{"rendered":"\n<p>A Caixa Econ\u00f4mica Federal conclui nesta&nbsp;sexta-feira (30) o pagamento da&nbsp;quarta&nbsp;parcela do aux\u00edlio emergencial. Os \u00faltimos dep\u00f3sitos ser\u00e3o feitos aos trabalhadores informais nascidos em dezembro e aos benefici\u00e1rios do Bolsa Fam\u00edlia com N\u00famero de Inscri\u00e7\u00e3o Social (NIS) de final 0.<img decoding=\"async\" src=\"https:\/\/agenciabrasil.ebc.com.br\/ebc.png?id=1416800&amp;o=node\"><img decoding=\"async\" src=\"https:\/\/agenciabrasil.ebc.com.br\/ebc.gif?id=1416800&amp;o=node\"><\/p>\n\n\n\n<p>O pagamento tamb\u00e9m ser\u00e1 feito a inscritos no Cadastro \u00danico de Programas Sociais do Governo Federal (Cad\u00danico) nascidos no mesmo m\u00eas. O dinheiro ser\u00e1 depositado nas contas poupan\u00e7a digitais e poder\u00e1 ser movimentado pelo aplicativo Caixa Tem. Somente de duas a tr\u00eas semanas ap\u00f3s o dep\u00f3sito, o dinheiro poder\u00e1 ser sacado em esp\u00e9cie ou transferido para uma conta-corrente, exceto no caso do Bolsa Fam\u00edlia, em que o saque pode ser feito imediatamente.<\/p>\n\n\n\n<p>O benef\u00edcio tem parcelas de R$ 150 a R$ 375, dependendo da fam\u00edlia. No \u00faltimo dia 15, a Caixa anunciou a antecipa\u00e7\u00e3o do pagamento da quarta parcela. O&nbsp;<a href=\"https:\/\/agenciabrasil.ebc.com.br\/economia\/noticia\/2021-07\/Publicado-calendario-do-ciclo-4-do-auxilio-emergencia\" target=\"_blank\" rel=\"noreferrer noopener\">calend\u00e1rio de dep\u00f3sitos<\/a>, que come\u00e7aria no \u00faltimo dia 23 e terminaria em&nbsp;22 de agosto, teve o in\u00edcio antecipado para o \u00faltimo dia 17 e ser\u00e1 conclu\u00eddo&nbsp;hoje.<\/p>\n\n\n\n<p>Ao todo 45,6 milh\u00f5es de brasileiros s\u00e3o beneficiados pela nova rodada do aux\u00edlio emergencial. O aux\u00edlio \u00e9 pago apenas a quem recebia o benef\u00edcio em dezembro de 2020.<\/p>\n\n\n\n<h2>Cr\u00e9dito em poupan\u00e7a social digital<\/h2>\n\n\n\n<figure class=\"wp-block-table\"><table><thead><tr><th scope=\"col\">M\u00eas de nascimento<\/th><th scope=\"col\">Dia do cr\u00e9dito<\/th><\/tr><\/thead><tbody><tr><th scope=\"row\">Janeiro<\/th><td>17 de julho<\/td><\/tr><tr><th scope=\"row\">Fevereiro<\/th><td>18 de julho<\/td><\/tr><tr><th scope=\"row\">Mar\u00e7o<\/th><td>20 de julho<\/td><\/tr><tr><th scope=\"row\">Abril<\/th><td>21 de julho<\/td><\/tr><tr><th scope=\"row\">Maio<\/th><td>22 de julho<\/td><\/tr><tr><th scope=\"row\">Junho<\/th><td>23 de julho<\/td><\/tr><tr><th scope=\"row\">Julho<\/th><td>24 de julho<\/td><\/tr><tr><th scope=\"row\">Agosto<\/th><td>25 de julho<\/td><\/tr><tr><th scope=\"row\">Setembro<\/th><td>27 de julho<\/td><\/tr><tr><th scope=\"row\">Outubro<\/th><td>28 de julho<\/td><\/tr><tr><th scope=\"row\">Novembro<\/th><td>29 de julho<\/td><\/tr><tr><th scope=\"row\">Dezembro<\/th><td>30 de julho<\/td><\/tr><\/tbody><\/table><\/figure>\n\n\n\n<h2>Saque em dinheiro<\/h2>\n\n\n\n<figure class=\"wp-block-table\"><table><thead><tr><th scope=\"col\">M\u00eas de nascimento<\/th><th scope=\"col\">Dia do cr\u00e9dito<\/th><\/tr><\/thead><tbody><tr><th scope=\"row\">Janeiro<\/th><td>02 de agosto<\/td><\/tr><tr><th scope=\"row\">Fevereiro<\/th><td>03 de agosto<\/td><\/tr><tr><th scope=\"row\">Mar\u00e7o<\/th><td>04 de agosto<\/td><\/tr><tr><th scope=\"row\">Abril<\/th><td>05 de agosto<\/td><\/tr><tr><th scope=\"row\">Maio<\/th><td>09 de agosto<\/td><\/tr><tr><th scope=\"row\">Junho<\/th><td>10 de agosto<\/td><\/tr><tr><th scope=\"row\">Julho<\/th><td>11 de agosto<\/td><\/tr><tr><th scope=\"row\">Agosto<\/th><td>12 de agosto<\/td><\/tr><tr><th scope=\"row\">Setembro<\/th><td>13 de agosto<\/td><\/tr><tr><th scope=\"row\">Outubro<\/th><td>16 de agosto<\/td><\/tr><tr><th scope=\"row\">Novembro<\/th><td>17 de agosto<\/td><\/tr><tr><th scope=\"row\">Dezembro<\/th><td>18 de agosto<\/td><\/tr><\/tbody><\/table><\/figure>\n\n\n\n<h2>Bolsa Fam\u00edlia<\/h2>\n\n\n\n<p>Para os benefici\u00e1rios do Bolsa Fam\u00edlia, o pagamento ocorre de forma distinta. Os inscritos podem sacar diretamente o dinheiro nos dez \u00faltimos dias \u00fateis de cada m\u00eas, com base no d\u00edgito final do NIS.<\/p>\n\n\n\n<p>O pagamento da&nbsp;quarta&nbsp;parcela aos inscritos no Bolsa Fam\u00edlia come\u00e7ou no \u00faltimo dia 19 e segue at\u00e9&nbsp;hoje. O aux\u00edlio emergencial somente ser\u00e1 depositado quando o valor for superior ao benef\u00edcio do programa social.<\/p>\n\n\n\n<figure class=\"wp-block-table\"><table><thead><tr><th scope=\"col\">N\u00famero final do NIS<\/th><th scope=\"col\">Dia da libera\u00e7\u00e3o<\/th><\/tr><\/thead><tbody><tr><td>1<\/td><td>19 de julho<\/td><\/tr><tr><td>2<\/td><td>20 de julho<\/td><\/tr><tr><td>3<\/td><td>21 de julho<\/td><\/tr><tr><td>4<\/td><td>22 de julho<\/td><\/tr><tr><td>5<\/td><td>23 de julho<\/td><\/tr><tr><td>6<\/td><td>26 de julho<\/td><\/tr><tr><td>7<\/td><td>27 de julho<\/td><\/tr><tr><td>8<\/td><td>28 de julho<\/td><\/tr><tr><td>9<\/td><td>29 de julho<\/td><\/tr><tr><td>0<\/td><td>30 de julho<\/td><\/tr><\/tbody><\/table><\/figure>\n\n\n\n<p>O programa se encerraria neste m\u00eas, mas foi prorrogado at\u00e9 outubro com os mesmos valores para as parcelas.<\/p>\n\n\n\n<p>A Ag\u00eancia Brasil elaborou um guia de perguntas e respostas sobre o aux\u00edlio emergencial. Entre as d\u00favidas que o benefici\u00e1rio pode tirar est\u00e3o os crit\u00e9rios para receber o benef\u00edcio, a regulariza\u00e7\u00e3o do CPF e os crit\u00e9rios de desempate dentro da mesma fam\u00edlia para ter acesso ao aux\u00edlio.<\/p>\n\n\n\n<p><strong>Fonte: Ag\u00eancia Brasil<\/strong><\/p>\n","protected":false},"excerpt":{"rendered":"<p>A Caixa Econ\u00f4mica Federal conclui nesta&nbsp;sexta-feira (30) o pagamento da&nbsp;quarta&nbsp;parcela do aux\u00edlio emergencial. Os \u00faltimos dep\u00f3sitos ser\u00e3o feitos aos trabalhadores informais nascidos em dezembro e aos benefici\u00e1rios do Bolsa Fam\u00edlia com N\u00famero de Inscri\u00e7\u00e3o Social (NIS) de final 0. O pagamento tamb\u00e9m ser\u00e1 feito a inscritos no Cadastro \u00danico de Programas Sociais do Governo Federal [&hellip;]<\/p>\n","protected":false},"author":1,"featured_media":23462,"comment_status":"open","ping_status":"open","sticky":false,"template":"","format":"standard","meta":{"beyondwords_generate_audio":"","beyondwords_project_id":"","beyondwords_podcast_id":"","beyondwords_hash":"","beyondwords_error_message":"","beyondwords_disabled":"","publish_post_to_speechkit":"","speechkit_generate_audio":"","speechkit_project_id":"","speechkit_podcast_id":"","speechkit_hash":"","speechkit_error_message":"","speechkit_disabled":"","speechkit_access_key":"","speechkit_error":"","speechkit_info":"","speechkit_response":"","speechkit_retries":"","_speechkit_link":"","_speechkit_text":""},"categories":[516,134],"tags":[2647,662,7771,122,3444,1959,2698,6028],"jetpack_featured_media_url":"","_links":{"self":[{"href":"https:\/\/pinews.com.br\/index.php\/wp-json\/wp\/v2\/posts\/24902"}],"collection":[{"href":"https:\/\/pinews.com.br\/index.php\/wp-json\/wp\/v2\/posts"}],"about":[{"href":"https:\/\/pinews.com.br\/index.php\/wp-json\/wp\/v2\/types\/post"}],"author":[{"embeddable":true,"href":"https:\/\/pinews.com.br\/index.php\/wp-json\/wp\/v2\/users\/1"}],"replies":[{"embeddable":true,"href":"https:\/\/pinews.com.br\/index.php\/wp-json\/wp\/v2\/comments?post=24902"}],"version-history":[{"count":0,"href":"https:\/\/pinews.com.br\/index.php\/wp-json\/wp\/v2\/posts\/24902\/revisions"}],"wp:featuredmedia":[{"embeddable":true,"href":"https:\/\/pinews.com.br\/index.php\/wp-json\/"}],"wp:attachment":[{"href":"https:\/\/pinews.com.br\/index.php\/wp-json\/wp\/v2\/media?parent=24902"}],"wp:term":[{"taxonomy":"category","embeddable":true,"href":"https:\/\/pinews.com.br\/index.php\/wp-json\/wp\/v2\/categories?post=24902"},{"taxonomy":"post_tag","embeddable":true,"href":"https:\/\/pinews.com.br\/index.php\/wp-json\/wp\/v2\/tags?post=24902"}],"curies":[{"name":"wp","href":"https:\/\/api.w.org\/{rel}","templated":true}]}}