{"id":24975,"date":"2021-08-01T19:35:16","date_gmt":"2021-08-01T22:35:16","guid":{"rendered":"https:\/\/pinews.com.br\/?p=24975"},"modified":"2021-08-01T19:35:16","modified_gmt":"2021-08-01T22:35:16","slug":"apos-cinco-meses-visitas-presenciais-serao-retomadas-em-presidios-no-piaui","status":"publish","type":"post","link":"https:\/\/pinews.com.br\/index.php\/2021\/08\/01\/apos-cinco-meses-visitas-presenciais-serao-retomadas-em-presidios-no-piaui\/","title":{"rendered":"Ap\u00f3s cinco meses, visitas presenciais ser\u00e3o retomadas em pres\u00eddios no Piau\u00ed"},"content":{"rendered":"\n<p>Ap\u00f3s cinco meses, as visitas presenciais nas unidades prisionais do Piau\u00ed ser\u00e3o retomadas. De acordo com a Secretaria de Justi\u00e7a (Sejus), o retorno ser\u00e1 gradativo e est\u00e1 previsto para o dia 23 de agosto em todos os pres\u00eddios do estado.&nbsp;<\/p>\n\n\n\n<p>As visitas presenciais ser\u00e3o retomadas de forma gradativa da seguinte forma: no per\u00edodo de 30 dias, cada reeducando poder\u00e1 receber uma visita presencial e uma visita virtual. O reeducando poder\u00e1 receber visita, a cada 15 dias, de um familiar ou amigo devidamente cadastrado. N\u00e3o ser\u00e3o permitidos visitantes com idade igual ou acima de 60 anos, menores de 18 anos, gestantes, visitas \u00edntimas e pessoas que apresentem sintomas gripais.<\/p>\n\n\n\n<p>Para os reeducandos que n\u00e3o recebem visitas presenciais, as visitas virtuais seguir\u00e3o acontecendo. O recadastramento dos visitantes come\u00e7a nesta segunda-feira (02).<\/p>\n\n\n\n<p>A suspens\u00e3o teve in\u00edcio em mar\u00e7o deste ano devido ao crescente n\u00famero de casos confirmados da Covid-19. A Sejus informa que, em caso de aumento no n\u00famero de casos da doen\u00e7a em unidades penais, as visitas ser\u00e3o suspensas nos estabelecimentos em que ocorrer esse aumento.<\/p>\n\n\n\n<p><br><strong>Fonte: Graciane Sousa\/ Cidade Verde<\/strong><\/p>\n","protected":false},"excerpt":{"rendered":"<p>Ap\u00f3s cinco meses, as visitas presenciais nas unidades prisionais do Piau\u00ed ser\u00e3o retomadas. De acordo com a Secretaria de Justi\u00e7a (Sejus), o retorno ser\u00e1 gradativo e est\u00e1 previsto para o dia 23 de agosto em todos os pres\u00eddios do estado.&nbsp; As visitas presenciais ser\u00e3o retomadas de forma gradativa da seguinte forma: no per\u00edodo de 30 [&hellip;]<\/p>\n","protected":false},"author":1,"featured_media":24976,"comment_status":"open","ping_status":"open","sticky":false,"template":"","format":"standard","meta":{"beyondwords_generate_audio":"","beyondwords_project_id":"","beyondwords_podcast_id":"","beyondwords_hash":"","beyondwords_error_message":"","beyondwords_disabled":"","publish_post_to_speechkit":"","speechkit_generate_audio":"","speechkit_project_id":"","speechkit_podcast_id":"","speechkit_hash":"","speechkit_error_message":"","speechkit_disabled":"","speechkit_access_key":"","speechkit_error":"","speechkit_info":"","speechkit_response":"","speechkit_retries":"","_speechkit_link":"","_speechkit_text":""},"categories":[51],"tags":[70,490,46,118,52,5528,1383,8833,835,5665],"jetpack_featured_media_url":"","_links":{"self":[{"href":"https:\/\/pinews.com.br\/index.php\/wp-json\/wp\/v2\/posts\/24975"}],"collection":[{"href":"https:\/\/pinews.com.br\/index.php\/wp-json\/wp\/v2\/posts"}],"about":[{"href":"https:\/\/pinews.com.br\/index.php\/wp-json\/wp\/v2\/types\/post"}],"author":[{"embeddable":true,"href":"https:\/\/pinews.com.br\/index.php\/wp-json\/wp\/v2\/users\/1"}],"replies":[{"embeddable":true,"href":"https:\/\/pinews.com.br\/index.php\/wp-json\/wp\/v2\/comments?post=24975"}],"version-history":[{"count":0,"href":"https:\/\/pinews.com.br\/index.php\/wp-json\/wp\/v2\/posts\/24975\/revisions"}],"wp:featuredmedia":[{"embeddable":true,"href":"https:\/\/pinews.com.br\/index.php\/wp-json\/"}],"wp:attachment":[{"href":"https:\/\/pinews.com.br\/index.php\/wp-json\/wp\/v2\/media?parent=24975"}],"wp:term":[{"taxonomy":"category","embeddable":true,"href":"https:\/\/pinews.com.br\/index.php\/wp-json\/wp\/v2\/categories?post=24975"},{"taxonomy":"post_tag","embeddable":true,"href":"https:\/\/pinews.com.br\/index.php\/wp-json\/wp\/v2\/tags?post=24975"}],"curies":[{"name":"wp","href":"https:\/\/api.w.org\/{rel}","templated":true}]}}