{"id":24983,"date":"2021-08-02T10:48:11","date_gmt":"2021-08-02T13:48:11","guid":{"rendered":"https:\/\/pinews.com.br\/?p=24983"},"modified":"2021-08-02T10:48:11","modified_gmt":"2021-08-02T13:48:11","slug":"medico-alerta-para-aumento-de-casos-graves-de-cancer-na-pandemia","status":"publish","type":"post","link":"https:\/\/pinews.com.br\/index.php\/2021\/08\/02\/medico-alerta-para-aumento-de-casos-graves-de-cancer-na-pandemia\/","title":{"rendered":"M\u00e9dico alerta para aumento de casos graves de c\u00e2ncer na pandemia"},"content":{"rendered":"\n<p>O m\u00e9dico oncologista Sabas Carlos Vieira faz um alerta para o aumento de casos graves de c\u00e2ncer durante a pandemia da covid-19. Segundo ele, muitos pacientes no est\u00e1gio inicial da doen\u00e7a deixaram de procurar ajuda m\u00e9dica e acabaram tendo o quadro agravado e, at\u00e9 mesmo, morrendo por complica\u00e7\u00f5es que poderiam ser evitadas.&nbsp;<\/p>\n\n\n\n<p>&#8220;A demanda dos pacientes na procura dos consult\u00f3rios ainda n\u00e3o voltou ao normal. No ano passado, tivemos muitos casos de pacientes com tumores avan\u00e7ados porque ficaram, mesmo apresentando sintomas, sem procurar ajuda m\u00e9dica. Novamente, de abril pra c\u00e1, a gente viu muitos casos de tumores avan\u00e7ados, muitos pacientes deixando de fazer os seus exames de rotina e com isso aumentando o n\u00famero de pacientes com tumores avan\u00e7ados&#8221;, alertou.<\/p>\n\n\n\n<p>O especialista tamb\u00e9m destaca que, em grande parte dos casos, as chances de cura s\u00e3o maiores quando o tratamento \u00e9 feito logo no in\u00edcio.&#8221;A gente sabe que, para alguns tumores, essa perda da janela de oportunidade de tratar um tumor pequeno \u00e9 muito pequena. Um ou dois meses fazem uma diferen\u00e7a muito grande no progn\u00f3stico do paciente, ou seja, a chance do paciente ficar curado ou a doen\u00e7a ficar fora de controle&#8221;, explicou Sabas Vieira.&nbsp;<\/p>\n\n\n\n<p>Com o avan\u00e7o da vacina\u00e7\u00e3o e a queda no n\u00famero de casos e \u00f3bitos, o m\u00e9dico oncologista faz um alerta para a import\u00e2ncia do acompanhamento preventivo nas mais diversas especialidades m\u00e9dicas, nas redes p\u00fablica e particular.&nbsp;<\/p>\n\n\n\n<p>&#8220;Tanto o sistema p\u00fablico quanto o privado est\u00e3o adotando todas as medidas de conten\u00e7\u00e3o da pandemia, em termos do que \u00e9 recomendado pelas autoridades sanit\u00e1rias&#8221;,  destacou Sabas Vieira.<\/p>\n\n\n\n<figure class=\"wp-block-embed-youtube wp-block-embed is-type-video is-provider-youtube wp-embed-aspect-16-9 wp-has-aspect-ratio\"><div class=\"wp-block-embed__wrapper\">\n<iframe loading=\"lazy\" title=\"Tratamento contra c\u00e2ncer n\u00e3o pode ser abandonado\" width=\"1170\" height=\"658\" src=\"https:\/\/www.youtube.com\/embed\/dQhaf1EacTw?feature=oembed\" frameborder=\"0\" allow=\"accelerometer; autoplay; clipboard-write; encrypted-media; gyroscope; picture-in-picture; web-share\" allowfullscreen><\/iframe>\n<\/div><\/figure>\n\n\n\n<p><br><strong>Fonte: Natanael Souza\/ Cidade Verde<\/strong><\/p>\n","protected":false},"excerpt":{"rendered":"<p>O m\u00e9dico oncologista Sabas Carlos Vieira faz um alerta para o aumento de casos graves de c\u00e2ncer durante a pandemia da covid-19. Segundo ele, muitos pacientes no est\u00e1gio inicial da doen\u00e7a deixaram de procurar ajuda m\u00e9dica e acabaram tendo o quadro agravado e, at\u00e9 mesmo, morrendo por complica\u00e7\u00f5es que poderiam ser evitadas.&nbsp; &#8220;A demanda dos [&hellip;]<\/p>\n","protected":false},"author":1,"featured_media":24984,"comment_status":"open","ping_status":"open","sticky":false,"template":"","format":"standard","meta":{"beyondwords_generate_audio":"","beyondwords_project_id":"","beyondwords_podcast_id":"","beyondwords_hash":"","beyondwords_error_message":"","beyondwords_disabled":"","publish_post_to_speechkit":"","speechkit_generate_audio":"","speechkit_project_id":"","speechkit_podcast_id":"","speechkit_hash":"","speechkit_error_message":"","speechkit_disabled":"","speechkit_access_key":"","speechkit_error":"","speechkit_info":"","speechkit_response":"","speechkit_retries":"","_speechkit_link":"","_speechkit_text":""},"categories":[134,1288],"tags":[1403,816,1018,432,44,6023,940,91,2407,350],"jetpack_featured_media_url":"","_links":{"self":[{"href":"https:\/\/pinews.com.br\/index.php\/wp-json\/wp\/v2\/posts\/24983"}],"collection":[{"href":"https:\/\/pinews.com.br\/index.php\/wp-json\/wp\/v2\/posts"}],"about":[{"href":"https:\/\/pinews.com.br\/index.php\/wp-json\/wp\/v2\/types\/post"}],"author":[{"embeddable":true,"href":"https:\/\/pinews.com.br\/index.php\/wp-json\/wp\/v2\/users\/1"}],"replies":[{"embeddable":true,"href":"https:\/\/pinews.com.br\/index.php\/wp-json\/wp\/v2\/comments?post=24983"}],"version-history":[{"count":0,"href":"https:\/\/pinews.com.br\/index.php\/wp-json\/wp\/v2\/posts\/24983\/revisions"}],"wp:featuredmedia":[{"embeddable":true,"href":"https:\/\/pinews.com.br\/index.php\/wp-json\/"}],"wp:attachment":[{"href":"https:\/\/pinews.com.br\/index.php\/wp-json\/wp\/v2\/media?parent=24983"}],"wp:term":[{"taxonomy":"category","embeddable":true,"href":"https:\/\/pinews.com.br\/index.php\/wp-json\/wp\/v2\/categories?post=24983"},{"taxonomy":"post_tag","embeddable":true,"href":"https:\/\/pinews.com.br\/index.php\/wp-json\/wp\/v2\/tags?post=24983"}],"curies":[{"name":"wp","href":"https:\/\/api.w.org\/{rel}","templated":true}]}}