{"id":25051,"date":"2021-08-03T19:29:39","date_gmt":"2021-08-03T22:29:39","guid":{"rendered":"https:\/\/pinews.com.br\/?p=25051"},"modified":"2021-08-03T19:29:39","modified_gmt":"2021-08-03T22:29:39","slug":"justica-decreta-prisao-preventiva-do-advogado-jefferson-moura-por-morte-de-cabo-do-exercito-em-picos","status":"publish","type":"post","link":"https:\/\/pinews.com.br\/index.php\/2021\/08\/03\/justica-decreta-prisao-preventiva-do-advogado-jefferson-moura-por-morte-de-cabo-do-exercito-em-picos\/","title":{"rendered":"Justi\u00e7a decreta pris\u00e3o preventiva do advogado Jefferson Moura por morte de cabo do Ex\u00e9rcito em Picos"},"content":{"rendered":"\n<p>A ju\u00edza Nilcimar Rodrigues, da 5\u00aa Vara da Comarca, decretou a pris\u00e3o preventiva do advogado Jefferson Moura Costa pelo homic\u00eddio do cabo do Ex\u00e9rcito Arione de Moura Lima, ocorrido no dia 25 de abril de 2010, no munic\u00edpio de Picos, Sul do Piau\u00ed. A decis\u00e3o saiu na tarde desta ter\u00e7a-feira (3) ap\u00f3s pedido do Minist\u00e9rio P\u00fablico.<\/p>\n\n\n\n<p>Arione de Moura Lima tinha apenas 22 anos quando foi assassinado no dia 25 de abril de 2010, por volta das 19h45, com um tiro no t\u00f3rax. O advogado Jefferson Moura foi denunciado \u00e0 Justi\u00e7a pelo crime, chegou a ficar preso por alguns dias, mas logo foi solto e desde ent\u00e3o nunca foi julgado.<\/p>\n\n\n\n<p>No dia 30 de julho deste ano, o Minist\u00e9rio P\u00fablico do Piau\u00ed ingressou na Justi\u00e7a com um pedido de pris\u00e3o preventiva do advogado em rela\u00e7\u00e3o ao assassinato do cabo do Ex\u00e9rcito. A ju\u00edza afirmou na decis\u00e3o que s\u00e3o fortes os ind\u00edcios contra Jefferson Moura.<\/p>\n\n\n\n<blockquote class=\"wp-block-quote\"><p>\u201cOs ind\u00edcios de autoria s\u00e3o fortes e recaem em desfavor do acusado, tanto pelo que foi relatado nos depoimentos prestados pelas testemunhas ouvidas em sede de inqu\u00e9rito policial e em ju\u00edzo, quanto pelo interrogat\u00f3rio do acusado\u201d, destacou a ju\u00edza.<\/p><\/blockquote>\n\n\n\n<p>A ju\u00edza Nilcimar Rodrigues ainda destacou que contra o advogado j\u00e1 existe outro mandado de pris\u00e3o preventiva, dessa vez pelo crime de estupro na cidade de Teresina. Ela disse que a pris\u00e3o \u00e9 necess\u00e1ria para a garantia da ordem p\u00fablica.<\/p>\n\n\n\n<p>\u201cA reitera\u00e7\u00e3o delituosa do acusado demonstra sua predisposi\u00e7\u00e3o para a pr\u00e1tica de crimes de diferentes naturezas, em especial aqueles considerados de gravidade mais acentuada, ditos como hediondos, cuja reprovabilidade legal e social exige das autoridades atua\u00e7\u00e3o especial e efetiva, com vistas a afastar, mesmo que de maneira cautelar, a reitera\u00e7\u00e3o desses crimes ou de outros por aquele que teve sua liberdade restitu\u00edda no curso do processo, como \u00e9 o caso do ora representado, mas demonstrou que esta condi\u00e7\u00e3o p\u00f5e em risco bens e direitos sens\u00edveis ao meio social\u201d, pontuou.<\/p>\n\n\n\n<p>Para o advogado do acusado, Lucas Ribeiro, a pris\u00e3o preventiva de Jefferson Moura foi decretada de forma desnecess\u00e1ria e desrazo\u00e1vel. Segundo ele, o r\u00e9u n\u00e3o traz risco ao processo que justifique a decis\u00e3o.<\/p>\n\n\n\n<p>&#8220;Como medida cautelar, a pris\u00e3o preventiva al\u00e9m ter que preencher todos os requisitos objetivos, subjetivos que a lei determina, \u00e9 necess\u00e1rio que o magistrado no corpo da sua decis\u00e3o justifique a necessidade daquela cautelar. Nesse caso em espec\u00edfico, trata-se de uma situa\u00e7\u00e3o que ocorreu h\u00e1 10 anos atr\u00e1s, o que justifica o decreto da pris\u00e3o preventiva agora? O r\u00e9u est\u00e1 identificado no processo, possui resid\u00eancia fixa, trabalho fixo, n\u00e3o pertence a nenhum tipo de organiza\u00e7\u00e3o criminosa. Qual o risco que ele causa para o processo?&#8221;, declarou.<\/p>\n\n\n\n<p>O advogado Jefferson Moura da Costa foi indiciado pelo estupro e c\u00e1rcere privado da faxineira de 29 anos, que pulou da sacada de um apartamento para fugir do agressor. Ele encontra-se preso na Penitenci\u00e1ria Irm\u00e3o Guido, em Teresina, mas a defesa do advogado entrou com o pedido para que o suspeito seja transferido de pres\u00eddio ou tenha pris\u00e3o domiciliar.<\/p>\n\n\n\n<h2>Fam\u00edlia aguarda justi\u00e7a<\/h2>\n\n\n\n<figure class=\"wp-block-image size-large\"><img decoding=\"async\" src=\"https:\/\/pinews.com.br\/wp-content\/uploads\/2021\/08\/a058a0ba-3732-4073-aa9a-47a23385039c.jpg\" alt=\"\" class=\"wp-image-25052\"\/><figcaption>Cabo do ex\u00e9rcito Arione Lima \u2014 Foto: Arquivo Pessoal<\/figcaption><\/figure>\n\n\n\n<p>H\u00e1 11 anos, a fam\u00edlia de Arione Lima espera pelo julgamento do advogado. Com a recente pris\u00e3o do advogado pelo crime de estupro, al\u00e9m das den\u00fancias de importuna\u00e7\u00e3o sexual de mais quatro mulheres, os familiares do cabo espera que o acusado pelo homic\u00eddio v\u00e1 a julgamento.<\/p>\n\n\n\n<p>Um familiar de Arione Lima, que preferiu n\u00e3o se identificar, explicou ao&nbsp;<strong>G1<\/strong>&nbsp;como o crime ocorreu. Ele informou que o advogado era amigo da fam\u00edlia, chegava a frequentar na casa da v\u00edtima, pois era pr\u00f3ximo do pai de Arione. Uma briga entre o pai da v\u00edtima e o advogado teria motivado o crime.<\/p>\n\n\n\n<p>\u201cO pai do Arione e o Jefferson eram muito pr\u00f3ximos, at\u00e9 que tiveram uma discuss\u00e3o em um bar e alguns dias depois aconteceu o crime. O Arione chegou em casa, estacionou a moto e foi conversar com uns amigos que estavam na rua, pr\u00f3ximo \u00e0 casa dos pais. O Jefferson estava passando de carro no local, estacionou o ve\u00edculo e chamou o Arione, que foi at\u00e9 ele. As testemunhas disseram que o Arione chegou a colocar o bra\u00e7o no cap\u00f4 do carro. A\u00ed ele [Jefferson] sacou a arma e deu um tiro\u201d, afirmou.<\/p>\n\n\n\n<p>A v\u00edtima chegou a correr para tentar entrar em casa, mas n\u00e3o conseguiu e caiu em um terreno baldio localizado ao lado da resid\u00eancia. Logo ap\u00f3s o crime, o suspeito fugiu e somente se entregou alguns dias depois, quando j\u00e1 tinha passado o flagrante.<\/p>\n\n\n\n<p>Com medo do advogado, logo ap\u00f3s o crime a fam\u00edlia foi embora de Picos.<\/p>\n\n\n\n<p><strong>Fonte: G1 PI<\/strong><\/p>\n","protected":false},"excerpt":{"rendered":"<p>A ju\u00edza Nilcimar Rodrigues, da 5\u00aa Vara da Comarca, decretou a pris\u00e3o preventiva do advogado Jefferson Moura Costa pelo homic\u00eddio do cabo do Ex\u00e9rcito Arione de Moura Lima, ocorrido no dia 25 de abril de 2010, no munic\u00edpio de Picos, Sul do Piau\u00ed. A decis\u00e3o saiu na tarde desta ter\u00e7a-feira (3) ap\u00f3s pedido do Minist\u00e9rio [&hellip;]<\/p>\n","protected":false},"author":1,"featured_media":25053,"comment_status":"open","ping_status":"open","sticky":false,"template":"","format":"standard","meta":{"beyondwords_generate_audio":"","beyondwords_project_id":"","beyondwords_podcast_id":"","beyondwords_hash":"","beyondwords_error_message":"","beyondwords_disabled":"","publish_post_to_speechkit":"","speechkit_generate_audio":"","speechkit_project_id":"","speechkit_podcast_id":"","speechkit_hash":"","speechkit_error_message":"","speechkit_disabled":"","speechkit_access_key":"","speechkit_error":"","speechkit_info":"","speechkit_response":"","speechkit_retries":"","_speechkit_link":"","_speechkit_text":""},"categories":[51,126,78],"tags":[325,1408,44,7730,46,1348,8847,1097,223,8848,125,59,8088,670],"jetpack_featured_media_url":"","_links":{"self":[{"href":"https:\/\/pinews.com.br\/index.php\/wp-json\/wp\/v2\/posts\/25051"}],"collection":[{"href":"https:\/\/pinews.com.br\/index.php\/wp-json\/wp\/v2\/posts"}],"about":[{"href":"https:\/\/pinews.com.br\/index.php\/wp-json\/wp\/v2\/types\/post"}],"author":[{"embeddable":true,"href":"https:\/\/pinews.com.br\/index.php\/wp-json\/wp\/v2\/users\/1"}],"replies":[{"embeddable":true,"href":"https:\/\/pinews.com.br\/index.php\/wp-json\/wp\/v2\/comments?post=25051"}],"version-history":[{"count":0,"href":"https:\/\/pinews.com.br\/index.php\/wp-json\/wp\/v2\/posts\/25051\/revisions"}],"wp:featuredmedia":[{"embeddable":true,"href":"https:\/\/pinews.com.br\/index.php\/wp-json\/"}],"wp:attachment":[{"href":"https:\/\/pinews.com.br\/index.php\/wp-json\/wp\/v2\/media?parent=25051"}],"wp:term":[{"taxonomy":"category","embeddable":true,"href":"https:\/\/pinews.com.br\/index.php\/wp-json\/wp\/v2\/categories?post=25051"},{"taxonomy":"post_tag","embeddable":true,"href":"https:\/\/pinews.com.br\/index.php\/wp-json\/wp\/v2\/tags?post=25051"}],"curies":[{"name":"wp","href":"https:\/\/api.w.org\/{rel}","templated":true}]}}