{"id":25126,"date":"2021-08-05T14:40:15","date_gmt":"2021-08-05T17:40:15","guid":{"rendered":"https:\/\/pinews.com.br\/?p=25126"},"modified":"2021-08-05T14:40:15","modified_gmt":"2021-08-05T17:40:15","slug":"onibus-que-saiu-de-teresina-capota-3-passageiros-morrem-e-13-ficam-feridos-em-rodovia-de-mt","status":"publish","type":"post","link":"https:\/\/pinews.com.br\/index.php\/2021\/08\/05\/onibus-que-saiu-de-teresina-capota-3-passageiros-morrem-e-13-ficam-feridos-em-rodovia-de-mt\/","title":{"rendered":"\u00d4nibus que saiu de Teresina capota, 3 passageiros morrem e 13 ficam feridos em rodovia de MT"},"content":{"rendered":"\n<p>Um \u00f4nibus capotou na madrugada desta quinta-feira (5) na BR-070, regi\u00e3o de General Carneiro (MT) e&nbsp;tr\u00eas passageiros morreram.&nbsp;De acordo com a Pol\u00edcia Rodovi\u00e1ria Federal (PRF),&nbsp;o \u00f4nibus levava 45 passageiros e saiu da pista, capotando em seguida.<\/p>\n\n\n\n<p>As tr\u00eas pessoas que morreram eram um casal e um beb\u00ea, de 1 ano, filho das v\u00edtimas. Os nomes n\u00e3o foram divulgados.&nbsp;Outros 13 passageiros ficaram feridos, sendo tr\u00eas em estado grave.<\/p>\n\n\n\n<p>O acidente ocorreu por volta de 2h no km 153.<\/p>\n\n\n\n<p>O \u00f4nibus saiu de Teresina (PI) e iria pra Sinop, Mato Grosso. Segundo PRF,&nbsp;eles estavam indo para trabalhar na regi\u00e3o norte do estado. Os passageiros contaram aos agentes da PRF que o motorista foi visto pegando carona e fugindo do local.<\/p>\n\n\n\n<figure class=\"wp-block-image\"><img decoding=\"async\" src=\"https:\/\/s2.glbimg.com\/JP-mx5_9ujndSIeQ_YC4JfsRVDs=\/0x0:1599x777\/984x0\/smart\/filters:strip_icc()\/i.s3.glbimg.com\/v1\/AUTH_59edd422c0c84a879bd37670ae4f538a\/internal_photos\/bs\/2021\/M\/v\/eJIOCzRt6WaJM8WAc1lg\/whatsapp-image-2021-08-05-at-09.58.26-1-.jpeg\" alt=\"\u00d4nibus capotou na madrugada desta quinta-feira (5) na BR-070, regi\u00e3o de General Carneiro (MT) e tr\u00eas passageiros morreram; 13 ficaram feridos \u2014 Foto: Divulga\u00e7\u00e3o\"\/><figcaption>\u00d4nibus capotou na madrugada desta quinta-feira (5) na BR-070, regi\u00e3o de General Carneiro (MT) e tr\u00eas passageiros morreram; 13 ficaram feridos \u2014 Foto: Divulga\u00e7\u00e3o<\/figcaption><\/figure>\n\n\n\n<p>Equipes do Corpo de Bombeiros fizeram o resgate dos feridos. As pessoas feridas foram encaminhadas para Pronto Socorro de Barra do Gar\u00e7as e hospital de General Carneiro.<\/p>\n\n\n\n<p>A PRF consultou a placa do \u00f4nibus e, aparentemente, n\u00e3o h\u00e1 pend\u00eancias ou problemas.<\/p>\n\n\n\n<p>As causas do acidente ser\u00e3o investigadas.<\/p>\n\n\n\n<p><strong>Fonte: G1 <\/strong><\/p>\n","protected":false},"excerpt":{"rendered":"<p>Um \u00f4nibus capotou na madrugada desta quinta-feira (5) na BR-070, regi\u00e3o de General Carneiro (MT) e&nbsp;tr\u00eas passageiros morreram.&nbsp;De acordo com a Pol\u00edcia Rodovi\u00e1ria Federal (PRF),&nbsp;o \u00f4nibus levava 45 passageiros e saiu da pista, capotando em seguida. As tr\u00eas pessoas que morreram eram um casal e um beb\u00ea, de 1 ano, filho das v\u00edtimas. Os nomes [&hellip;]<\/p>\n","protected":false},"author":1,"featured_media":25127,"comment_status":"open","ping_status":"open","sticky":false,"template":"","format":"standard","meta":{"beyondwords_generate_audio":"","beyondwords_project_id":"","beyondwords_podcast_id":"","beyondwords_hash":"","beyondwords_error_message":"","beyondwords_disabled":"","publish_post_to_speechkit":"","speechkit_generate_audio":"","speechkit_project_id":"","speechkit_podcast_id":"","speechkit_hash":"","speechkit_error_message":"","speechkit_disabled":"","speechkit_access_key":"","speechkit_error":"","speechkit_info":"","speechkit_response":"","speechkit_retries":"","_speechkit_link":"","_speechkit_text":""},"categories":[134,81],"tags":[426,868,44,46,254,416,261,8859,301,6708,190,7250,187],"jetpack_featured_media_url":"","_links":{"self":[{"href":"https:\/\/pinews.com.br\/index.php\/wp-json\/wp\/v2\/posts\/25126"}],"collection":[{"href":"https:\/\/pinews.com.br\/index.php\/wp-json\/wp\/v2\/posts"}],"about":[{"href":"https:\/\/pinews.com.br\/index.php\/wp-json\/wp\/v2\/types\/post"}],"author":[{"embeddable":true,"href":"https:\/\/pinews.com.br\/index.php\/wp-json\/wp\/v2\/users\/1"}],"replies":[{"embeddable":true,"href":"https:\/\/pinews.com.br\/index.php\/wp-json\/wp\/v2\/comments?post=25126"}],"version-history":[{"count":0,"href":"https:\/\/pinews.com.br\/index.php\/wp-json\/wp\/v2\/posts\/25126\/revisions"}],"wp:featuredmedia":[{"embeddable":true,"href":"https:\/\/pinews.com.br\/index.php\/wp-json\/"}],"wp:attachment":[{"href":"https:\/\/pinews.com.br\/index.php\/wp-json\/wp\/v2\/media?parent=25126"}],"wp:term":[{"taxonomy":"category","embeddable":true,"href":"https:\/\/pinews.com.br\/index.php\/wp-json\/wp\/v2\/categories?post=25126"},{"taxonomy":"post_tag","embeddable":true,"href":"https:\/\/pinews.com.br\/index.php\/wp-json\/wp\/v2\/tags?post=25126"}],"curies":[{"name":"wp","href":"https:\/\/api.w.org\/{rel}","templated":true}]}}