{"id":25294,"date":"2021-08-10T10:52:34","date_gmt":"2021-08-10T13:52:34","guid":{"rendered":"https:\/\/pinews.com.br\/?p=25294"},"modified":"2021-08-10T10:52:34","modified_gmt":"2021-08-10T13:52:34","slug":"suspeito-de-matar-o-cunhado-com-facada-no-pescoco-no-distrito-federal-e-preso-no-piaui","status":"publish","type":"post","link":"https:\/\/pinews.com.br\/index.php\/2021\/08\/10\/suspeito-de-matar-o-cunhado-com-facada-no-pescoco-no-distrito-federal-e-preso-no-piaui\/","title":{"rendered":"Suspeito de matar o cunhado com facada no pesco\u00e7o no Distrito Federal \u00e9 preso no Piau\u00ed"},"content":{"rendered":"\n<p>Um homem identificado como J\u00falio C\u00e9sar Pereira dos Santos, 30 anos, foi preso nesta segunda-feira (9) na cidade de Palmeirais, a 117 km de Teresina. Segundo a Pol\u00edcia Civil, ele \u00e9 suspeito de matar o pr\u00f3prio cunhado no dia 29 de julho em Planaltina, no Distrito Federal.<\/p>\n\n\n\n<p>De acordo com o investigador Francisco Peres, do 19\u00ba Distrito Policial, a pol\u00edcia recebeu a informa\u00e7\u00e3o de que o suspeito chegou no s\u00e1bado (7) no Povoado Cafund\u00f3, zona rural de Palmeirais. Um dia antes da pris\u00e3o, J\u00falio chegou a atirar contra os policiais ao perceber que estava sendo seguido.<\/p>\n\n\n\n<p>&#8220;No domingo (8), chegamos a presenciar ele bebendo em um bar, mas o suspeito chegou a atirar contra a nossa equipe e fugiu. Hoje fomos no endere\u00e7o da m\u00e3e dele e conseguimos fazer a pris\u00e3o do suspeito&#8221;, contou o investigador.<\/p>\n\n\n\n<p>J\u00falio C\u00e9sar tinha um mandado de pris\u00e3o em aberto expedido pela Justi\u00e7a do Distrito Federal. Ele foi encaminhado para a Central de Flagrantes de Teresina e dever\u00e1 ser recambiado para o Distrito Federal em breve.<\/p>\n\n\n\n<h2>Entenda o caso<\/h2>\n\n\n\n<p>J\u00falio C\u00e9sar Pereira dos Santos \u00e9 suspeito de matar com uma facada no pesco\u00e7o o cunhado Rog\u00e9rio, quando a v\u00edtima almo\u00e7ava no sof\u00e1. O crime ocorreu no dia 29 de julho, no Assentamento Osiel Alves, em Planaltina, no Distrito Federal.<\/p>\n\n\n\n<p>Conforme a investiga\u00e7\u00e3o, a v\u00edtima estava na casa da irm\u00e3 e teria interferido na briga do casal. Rog\u00e9rio mandou J\u00falio parar de bater na irm\u00e3 dele.<\/p>\n\n\n\n<p>A s\u00f3s com o cunhado, J\u00falio C\u00e9sar aproveitou que estava a v\u00edtima estava almo\u00e7ando e a atingiu com um golpe de faca no pesco\u00e7o. Ap\u00f3s o crime, o suspeito mandou um \u00e1udio para a mulher confessando o crime e fugiu.<\/p>\n\n\n\n<p>&#8220;Durante a pris\u00e3o, ele confessou ter matado o cunhado, mas n\u00e3o deu outra vers\u00e3o para a motiva\u00e7\u00e3o do crime&#8221;, informou o investigador.<\/p>\n\n\n\n<p>J\u00falio C\u00e9sar \u00e9 natural de Palmeirais e estava morando h\u00e1 seis anos no Distrito Federal. Ele tinha passagem na pol\u00edcia por viol\u00eancia dom\u00e9stica.<\/p>\n\n\n\n<p><strong>Fonte: G1 PI<\/strong><\/p>\n","protected":false},"excerpt":{"rendered":"<p>Um homem identificado como J\u00falio C\u00e9sar Pereira dos Santos, 30 anos, foi preso nesta segunda-feira (9) na cidade de Palmeirais, a 117 km de Teresina. Segundo a Pol\u00edcia Civil, ele \u00e9 suspeito de matar o pr\u00f3prio cunhado no dia 29 de julho em Planaltina, no Distrito Federal. De acordo com o investigador Francisco Peres, do [&hellip;]<\/p>\n","protected":false},"author":1,"featured_media":25295,"comment_status":"open","ping_status":"open","sticky":false,"template":"","format":"standard","meta":{"beyondwords_generate_audio":"","beyondwords_project_id":"","beyondwords_podcast_id":"","beyondwords_hash":"","beyondwords_error_message":"","beyondwords_disabled":"","publish_post_to_speechkit":"","speechkit_generate_audio":"","speechkit_project_id":"","speechkit_podcast_id":"","speechkit_hash":"","speechkit_error_message":"","speechkit_disabled":"","speechkit_access_key":"","speechkit_error":"","speechkit_info":"","speechkit_response":"","speechkit_retries":"","_speechkit_link":"","_speechkit_text":""},"categories":[51,78],"tags":[90,44,5908,72,1264,5461,85,1399,52,79,130],"jetpack_featured_media_url":"","_links":{"self":[{"href":"https:\/\/pinews.com.br\/index.php\/wp-json\/wp\/v2\/posts\/25294"}],"collection":[{"href":"https:\/\/pinews.com.br\/index.php\/wp-json\/wp\/v2\/posts"}],"about":[{"href":"https:\/\/pinews.com.br\/index.php\/wp-json\/wp\/v2\/types\/post"}],"author":[{"embeddable":true,"href":"https:\/\/pinews.com.br\/index.php\/wp-json\/wp\/v2\/users\/1"}],"replies":[{"embeddable":true,"href":"https:\/\/pinews.com.br\/index.php\/wp-json\/wp\/v2\/comments?post=25294"}],"version-history":[{"count":0,"href":"https:\/\/pinews.com.br\/index.php\/wp-json\/wp\/v2\/posts\/25294\/revisions"}],"wp:featuredmedia":[{"embeddable":true,"href":"https:\/\/pinews.com.br\/index.php\/wp-json\/"}],"wp:attachment":[{"href":"https:\/\/pinews.com.br\/index.php\/wp-json\/wp\/v2\/media?parent=25294"}],"wp:term":[{"taxonomy":"category","embeddable":true,"href":"https:\/\/pinews.com.br\/index.php\/wp-json\/wp\/v2\/categories?post=25294"},{"taxonomy":"post_tag","embeddable":true,"href":"https:\/\/pinews.com.br\/index.php\/wp-json\/wp\/v2\/tags?post=25294"}],"curies":[{"name":"wp","href":"https:\/\/api.w.org\/{rel}","templated":true}]}}